{"id":29670,"date":"2025-05-18T14:16:09","date_gmt":"2025-05-18T11:16:09","guid":{"rendered":"https:\/\/www.egemtv.com\/?p=29670"},"modified":"2025-05-18T14:16:14","modified_gmt":"2025-05-18T11:16:14","slug":"turgutludan-amerika-ve-avrupaya-saman-davulu-ihracati","status":"publish","type":"post","link":"https:\/\/www.egemtv.com\/?p=29670","title":{"rendered":"Turgutlu\u2019dan Amerika ve Avrupa\u2019ya \u015faman davulu ihracat\u0131"},"content":{"rendered":"<p>Manisa\u2019n\u0131n Turgutlu il\u00e7esinde ya\u015fayan Cenk Toplar, tamamen el eme\u011fiyle \u00fcretti\u011fi \u015faman davullar\u0131n\u0131 ba\u015fta Amerika ve Avrupa olmak \u00fczere d\u00fcnyan\u0131n bir\u00e7ok \u00fclkesine ihra\u00e7 ediyor. 4 y\u0131l \u00f6nce hobi olarak ba\u015flad\u0131\u011f\u0131 davul yap\u0131m\u0131n\u0131 k\u0131sa s\u00fcrede ticari bir ba\u015far\u0131ya d\u00f6n\u00fc\u015ft\u00fcren Toplar, \u00fcr\u00fcnlerine gelen yo\u011fun taleplere yeti\u015febilmek i\u00e7in \u00e7al\u0131\u015fmalar\u0131n\u0131 karde\u015fi Muharrem Toplar ile birlikte s\u00fcrd\u00fcr\u00fcyor.<br \/>\n<br \/>Suba\u015f\u0131 Mahallesi\u2019ndeki at\u00f6lyesinde \u00fcretim yapan Cenk Toplar\u2019\u0131n (43), geleneksel el sanatlar\u0131 ile modern tasar\u0131m\u0131 birle\u015ftirdi\u011fi \u00f6zel \u015faman davulu, hem yurt i\u00e7inde hem de yurt d\u0131\u015f\u0131nda \u00f6zellikle meditasyon, m\u00fczik ve terapi alanlar\u0131nda b\u00fcy\u00fck ilgi g\u00f6r\u00fcyor. \u0130lk davulunu kendisi i\u00e7in yapt\u0131\u011f\u0131n\u0131 belirten Toplar, &#8220;G\u00f6ren arkada\u015flar\u0131m \u00e7ok be\u011fendi, onlar da istemeye ba\u015flad\u0131. B\u00f6ylece ki\u015fiye \u00f6zel \u00fcretimlere ba\u015flad\u0131m&#8221; dedi.<br \/>\n<br \/>K\u0131sa s\u00fcrede farkl\u0131 \u015fehirlerden ve \u00fclkelerden sipari\u015fler almaya ba\u015flad\u0131\u011f\u0131n\u0131 s\u00f6yleyen Toplar, \u00fcr\u00fcnlerinin farkl\u0131 k\u00fclt\u00fcrlerden insanlara ula\u015fmas\u0131ndan b\u00fcy\u00fck mutluluk duydu\u011funu ifade etti. Toplar, her bir davulun el eme\u011fiyle ve \u00f6zenle haz\u0131rland\u0131\u011f\u0131n\u0131 vurgulayarak, &#8220;Her davulun kendine \u00f6zg\u00fc bir karakteri ve ruhu var. Bu da onlar\u0131 \u00f6zel k\u0131l\u0131yor. Ben normalde 22 y\u0131ld\u0131r ney yap\u0131mc\u0131s\u0131y\u0131m. 4 y\u0131ld\u0131r da \u015faman davulu yap\u0131yorum. \u015eaman davulunu geleneksel y\u00f6ntemlerle \u00fcretiyoruz. \u015eaman davulu eski inan\u00e7lara dayanan bir \u015fifa enstr\u00fcman\u0131d\u0131r. T\u00fcrk k\u00fclt\u00fcr\u00fcnde de iyi bir yeri vard\u0131r. Unutulmu\u015f, eski T\u00fcrk \u00e7alg\u0131lar\u0131ndan biridir. Biz g\u00fcn\u00fcm\u00fczde bunu tekrar canland\u0131rd\u0131k ve t\u00fcm d\u00fcnyaya ihra\u00e7 ediyoruz. T\u00fcrkiye\u2019de bu i\u015fi yapan 2-3 ki\u015fiden biri de biziz&#8221; ifadelerini kulland\u0131.<br \/>\n<br \/>Yo\u011fun talebe kar\u015f\u0131l\u0131k verebilmek i\u00e7in karde\u015fi Muharrem Toplar ile birlikte \u00fcretim yapt\u0131klar\u0131n\u0131 belirten Cenk Toplar, Turgutlu\u2019dan d\u00fcnyaya uzanan bu yolculu\u011fun kendisi i\u00e7in hem sanatsal hem de duygusal bir anlam ta\u015f\u0131d\u0131\u011f\u0131n\u0131 dile getirdi.<br \/><\/p>\n","protected":false},"excerpt":{"rendered":"<p>Manisa\u2019n\u0131n Turgutlu il\u00e7esinde ya\u015fayan Cenk Toplar, tamamen el eme\u011fiyle \u00fcretti\u011fi \u015faman davullar\u0131n\u0131 ba\u015fta Amerika ve Avrupa olmak \u00fczere d\u00fcnyan\u0131n bir\u00e7ok \u00fclkesine ihra\u00e7 ediyor. 4 y\u0131l \u00f6nce hobi olarak ba\u015flad\u0131\u011f\u0131 davul yap\u0131m\u0131n\u0131 k\u0131sa s\u00fcrede ticari bir ba\u015far\u0131ya d\u00f6n\u00fc\u015ft\u00fcren Toplar, \u00fcr\u00fcnlerine gelen yo\u011fun taleplere yeti\u015febilmek i\u00e7in \u00e7al\u0131\u015fmalar\u0131n\u0131 karde\u015fi Muharrem Toplar ile birlikte s\u00fcrd\u00fcr\u00fcyor. Suba\u015f\u0131 Mahallesi\u2019ndeki at\u00f6lyesinde \u00fcretim&#8230;<\/p>\n","protected":false},"author":1,"featured_media":29671,"comment_status":"open","ping_status":"open","sticky":false,"template":"","format":"standard","meta":{"_crdt_document":"","footnotes":""},"categories":[1],"tags":[],"class_list":["post-29670","post","type-post","status-publish","format-standard","has-post-thumbnail","hentry","category-guncel"],"_links":{"self":[{"href":"https:\/\/www.egemtv.com\/index.php?rest_route=\/wp\/v2\/posts\/29670","targetHints":{"allow":["GET"]}}],"collection":[{"href":"https:\/\/www.egemtv.com\/index.php?rest_route=\/wp\/v2\/posts"}],"about":[{"href":"https:\/\/www.egemtv.com\/index.php?rest_route=\/wp\/v2\/types\/post"}],"author":[{"embeddable":true,"href":"https:\/\/www.egemtv.com\/index.php?rest_route=\/wp\/v2\/users\/1"}],"replies":[{"embeddable":true,"href":"https:\/\/www.egemtv.com\/index.php?rest_route=%2Fwp%2Fv2%2Fcomments&post=29670"}],"version-history":[{"count":1,"href":"https:\/\/www.egemtv.com\/index.php?rest_route=\/wp\/v2\/posts\/29670\/revisions"}],"predecessor-version":[{"id":29672,"href":"https:\/\/www.egemtv.com\/index.php?rest_route=\/wp\/v2\/posts\/29670\/revisions\/29672"}],"wp:featuredmedia":[{"embeddable":true,"href":"https:\/\/www.egemtv.com\/index.php?rest_route=\/wp\/v2\/media\/29671"}],"wp:attachment":[{"href":"https:\/\/www.egemtv.com\/index.php?rest_route=%2Fwp%2Fv2%2Fmedia&parent=29670"}],"wp:term":[{"taxonomy":"category","embeddable":true,"href":"https:\/\/www.egemtv.com\/index.php?rest_route=%2Fwp%2Fv2%2Fcategories&post=29670"},{"taxonomy":"post_tag","embeddable":true,"href":"https:\/\/www.egemtv.com\/index.php?rest_route=%2Fwp%2Fv2%2Ftags&post=29670"}],"curies":[{"name":"wp","href":"https:\/\/api.w.org\/{rel}","templated":true}]}}