{"id":29667,"date":"2025-05-18T14:16:04","date_gmt":"2025-05-18T11:16:04","guid":{"rendered":"https:\/\/www.egemtv.com\/?p=29667"},"modified":"2025-05-18T14:16:09","modified_gmt":"2025-05-18T11:16:09","slug":"baskan-ozelden-19-mayis-kutlama-mesaji","status":"publish","type":"post","link":"https:\/\/www.egemtv.com\/?p=29667","title":{"rendered":"Ba\u015fkan \u00d6zel\u2019den 19 May\u0131s kutlama mesaj\u0131"},"content":{"rendered":"<p>Bozdo\u011fan Belediye Ba\u015fkan\u0131 Mustafa Galip \u00d6zel 19 May\u0131s Atat\u00fcrk\u2019\u00fc Anma, Gen\u00e7lik ve Spor Bayram\u0131 dolay\u0131s\u0131yla bir mesaj yay\u0131mlad\u0131.<br \/>\n<br \/>Atat\u00fcrk\u2019\u00fcn bu kutlu g\u00fcn\u00fc gen\u00e7li\u011fe arma\u011fan etmesi, gelece\u011fimizin teminat\u0131 olan gen\u00e7lere duydu\u011fu g\u00fcvenin en b\u00fcy\u00fck g\u00f6stergesi oldu\u011funu belirten Ba\u015fkan \u00d6zel mesaj\u0131nda, &#8220;19 May\u0131s 1919, ba\u011f\u0131ms\u0131zl\u0131k ve \u00f6zg\u00fcrl\u00fck me\u015falesinin yak\u0131ld\u0131\u011f\u0131, milletimizin yazg\u0131s\u0131n\u0131 de\u011fi\u015ftiren tarihi bir d\u00f6n\u00fcm noktas\u0131d\u0131r. Gazi Mustafa Kemal Atat\u00fcrk\u2019\u00fcn Samsun\u2019a \u00e7\u0131karak ba\u015flatt\u0131\u011f\u0131 kurtulu\u015f m\u00fccadelesi, T\u00fcrk milletinin azmi, inanc\u0131 ve birlik ruhuyla zafere ula\u015fm\u0131\u015ft\u0131r.<br \/>\n<br \/>Atat\u00fcrk\u2019\u00fcn bu kutlu g\u00fcn\u00fc gen\u00e7li\u011fe arma\u011fan etmesi, gelece\u011fimizin teminat\u0131 olan gen\u00e7lere duydu\u011fu g\u00fcvenin en b\u00fcy\u00fck g\u00f6stergesidir. Gen\u00e7lerimiz; akl\u0131n, bilimin ve cumhuriyet de\u011ferlerinin yol g\u00f6stericili\u011finde, daha ayd\u0131nl\u0131k bir T\u00fcrkiye\u2019yi in\u015fa edecek g\u00fcce ve kararl\u0131l\u0131\u011fa sahiptir. Bu anlaml\u0131 g\u00fcnde ba\u015fta Gazi Mustafa Kemal Atat\u00fcrk ve silah arkada\u015flar\u0131 olmak \u00fczere, t\u00fcm \u015fehit ve gazilerimizi rahmet ve minnetle an\u0131yorum. 19 May\u0131s Atat\u00fcrk\u2019\u00fc Anma, Gen\u00e7lik ve Spor Bayram\u0131 kutlu olsun&#8221; ifadelerini kulland\u0131.<br \/><\/p>\n","protected":false},"excerpt":{"rendered":"<p>Bozdo\u011fan Belediye Ba\u015fkan\u0131 Mustafa Galip \u00d6zel 19 May\u0131s Atat\u00fcrk\u2019\u00fc Anma, Gen\u00e7lik ve Spor Bayram\u0131 dolay\u0131s\u0131yla bir mesaj yay\u0131mlad\u0131. Atat\u00fcrk\u2019\u00fcn bu kutlu g\u00fcn\u00fc gen\u00e7li\u011fe arma\u011fan etmesi, gelece\u011fimizin teminat\u0131 olan gen\u00e7lere duydu\u011fu g\u00fcvenin en b\u00fcy\u00fck g\u00f6stergesi oldu\u011funu belirten Ba\u015fkan \u00d6zel mesaj\u0131nda, &#8220;19 May\u0131s 1919, ba\u011f\u0131ms\u0131zl\u0131k ve \u00f6zg\u00fcrl\u00fck me\u015falesinin yak\u0131ld\u0131\u011f\u0131, milletimizin yazg\u0131s\u0131n\u0131 de\u011fi\u015ftiren tarihi bir d\u00f6n\u00fcm noktas\u0131d\u0131r. Gazi&#8230;<\/p>\n","protected":false},"author":1,"featured_media":29668,"comment_status":"open","ping_status":"open","sticky":false,"template":"","format":"standard","meta":{"_crdt_document":"","footnotes":""},"categories":[1],"tags":[],"class_list":["post-29667","post","type-post","status-publish","format-standard","has-post-thumbnail","hentry","category-guncel"],"_links":{"self":[{"href":"https:\/\/www.egemtv.com\/index.php?rest_route=\/wp\/v2\/posts\/29667","targetHints":{"allow":["GET"]}}],"collection":[{"href":"https:\/\/www.egemtv.com\/index.php?rest_route=\/wp\/v2\/posts"}],"about":[{"href":"https:\/\/www.egemtv.com\/index.php?rest_route=\/wp\/v2\/types\/post"}],"author":[{"embeddable":true,"href":"https:\/\/www.egemtv.com\/index.php?rest_route=\/wp\/v2\/users\/1"}],"replies":[{"embeddable":true,"href":"https:\/\/www.egemtv.com\/index.php?rest_route=%2Fwp%2Fv2%2Fcomments&post=29667"}],"version-history":[{"count":1,"href":"https:\/\/www.egemtv.com\/index.php?rest_route=\/wp\/v2\/posts\/29667\/revisions"}],"predecessor-version":[{"id":29669,"href":"https:\/\/www.egemtv.com\/index.php?rest_route=\/wp\/v2\/posts\/29667\/revisions\/29669"}],"wp:featuredmedia":[{"embeddable":true,"href":"https:\/\/www.egemtv.com\/index.php?rest_route=\/wp\/v2\/media\/29668"}],"wp:attachment":[{"href":"https:\/\/www.egemtv.com\/index.php?rest_route=%2Fwp%2Fv2%2Fmedia&parent=29667"}],"wp:term":[{"taxonomy":"category","embeddable":true,"href":"https:\/\/www.egemtv.com\/index.php?rest_route=%2Fwp%2Fv2%2Fcategories&post=29667"},{"taxonomy":"post_tag","embeddable":true,"href":"https:\/\/www.egemtv.com\/index.php?rest_route=%2Fwp%2Fv2%2Ftags&post=29667"}],"curies":[{"name":"wp","href":"https:\/\/api.w.org\/{rel}","templated":true}]}}