{"id":29664,"date":"2025-05-18T13:57:17","date_gmt":"2025-05-18T10:57:17","guid":{"rendered":"https:\/\/www.egemtv.com\/?p=29664"},"modified":"2025-05-18T13:57:22","modified_gmt":"2025-05-18T10:57:22","slug":"manisa-murat-boz-ile-costu","status":"publish","type":"post","link":"https:\/\/www.egemtv.com\/?p=29664","title":{"rendered":"Manisa Murat Boz ile co\u015ftu"},"content":{"rendered":"<p>Sevilen sanat\u00e7\u0131 Murat Boz, Manisa K\u00fclt\u00fcr Yolu Festivali kapsam\u0131nda Per\u015fembe Pazar\u0131 Otopark Alan\u0131\u2019nda verdi\u011fi konserde, on binlerce hayran\u0131na unutulmaz bir gece ya\u015fatt\u0131.<br \/>\n<br \/>Manisal\u0131lar, T\u00fcrkiye K\u00fclt\u00fcr Yolu  Festivali\u2019nin ilk g\u00fcn\u00fcnde sahne alan \u00fcnl\u00fc \u015fark\u0131c\u0131 Murat Boz ile co\u015fku dolu anlar ya\u015fad\u0131. Boz, &#8220;Ad\u0131n\u0131 Bilen Yazs\u0131n&#8221;, &#8220;\u00d6zledim&#8221;, &#8220;\u0130ki Medeni \u0130nsan&#8221;, &#8220;Geri D\u00f6n\u00fc\u015f Olsa&#8221; gibi sevilen \u015fark\u0131lar\u0131n\u0131 gece boyunca dinleyicilerle tek bir a\u011f\u0131zdan s\u00f6yledi.<br \/>\n<br \/>Boz, ocak ay\u0131nda hayat\u0131n\u0131 kaybeden duayen sanat\u00e7\u0131 Ferdi Tayfur\u2019u da sahnesinde anarak &#8220;Ben de \u00d6zledim&#8221; \u015fark\u0131s\u0131n\u0131 seslendirdi. \u00dcnl\u00fc sanat\u00e7\u0131, &#8220;Ad\u0131n\u0131 Bilen Yazs\u0131n&#8221; \u015fark\u0131s\u0131nda sahneden inerek, \u015fark\u0131y\u0131 hayranlar\u0131yla beraber s\u00f6yledi. Engelli hayranlar\u0131yla da kucakla\u015fan sanat\u00e7\u0131, bol bol foto\u011fraf \u00e7ektirdi.<br \/><\/p>\n","protected":false},"excerpt":{"rendered":"<p>Sevilen sanat\u00e7\u0131 Murat Boz, Manisa K\u00fclt\u00fcr Yolu Festivali kapsam\u0131nda Per\u015fembe Pazar\u0131 Otopark Alan\u0131\u2019nda verdi\u011fi konserde, on binlerce hayran\u0131na unutulmaz bir gece ya\u015fatt\u0131. Manisal\u0131lar, T\u00fcrkiye K\u00fclt\u00fcr Yolu Festivali\u2019nin ilk g\u00fcn\u00fcnde sahne alan \u00fcnl\u00fc \u015fark\u0131c\u0131 Murat Boz ile co\u015fku dolu anlar ya\u015fad\u0131. Boz, &#8220;Ad\u0131n\u0131 Bilen Yazs\u0131n&#8221;, &#8220;\u00d6zledim&#8221;, &#8220;\u0130ki Medeni \u0130nsan&#8221;, &#8220;Geri D\u00f6n\u00fc\u015f Olsa&#8221; gibi sevilen \u015fark\u0131lar\u0131n\u0131 gece&#8230;<\/p>\n","protected":false},"author":1,"featured_media":29665,"comment_status":"open","ping_status":"open","sticky":false,"template":"","format":"standard","meta":{"_crdt_document":"","footnotes":""},"categories":[1],"tags":[],"class_list":["post-29664","post","type-post","status-publish","format-standard","has-post-thumbnail","hentry","category-guncel"],"_links":{"self":[{"href":"https:\/\/www.egemtv.com\/index.php?rest_route=\/wp\/v2\/posts\/29664","targetHints":{"allow":["GET"]}}],"collection":[{"href":"https:\/\/www.egemtv.com\/index.php?rest_route=\/wp\/v2\/posts"}],"about":[{"href":"https:\/\/www.egemtv.com\/index.php?rest_route=\/wp\/v2\/types\/post"}],"author":[{"embeddable":true,"href":"https:\/\/www.egemtv.com\/index.php?rest_route=\/wp\/v2\/users\/1"}],"replies":[{"embeddable":true,"href":"https:\/\/www.egemtv.com\/index.php?rest_route=%2Fwp%2Fv2%2Fcomments&post=29664"}],"version-history":[{"count":1,"href":"https:\/\/www.egemtv.com\/index.php?rest_route=\/wp\/v2\/posts\/29664\/revisions"}],"predecessor-version":[{"id":29666,"href":"https:\/\/www.egemtv.com\/index.php?rest_route=\/wp\/v2\/posts\/29664\/revisions\/29666"}],"wp:featuredmedia":[{"embeddable":true,"href":"https:\/\/www.egemtv.com\/index.php?rest_route=\/wp\/v2\/media\/29665"}],"wp:attachment":[{"href":"https:\/\/www.egemtv.com\/index.php?rest_route=%2Fwp%2Fv2%2Fmedia&parent=29664"}],"wp:term":[{"taxonomy":"category","embeddable":true,"href":"https:\/\/www.egemtv.com\/index.php?rest_route=%2Fwp%2Fv2%2Fcategories&post=29664"},{"taxonomy":"post_tag","embeddable":true,"href":"https:\/\/www.egemtv.com\/index.php?rest_route=%2Fwp%2Fv2%2Ftags&post=29664"}],"curies":[{"name":"wp","href":"https:\/\/api.w.org\/{rel}","templated":true}]}}