{"id":29652,"date":"2025-05-18T12:56:17","date_gmt":"2025-05-18T09:56:17","guid":{"rendered":"https:\/\/www.egemtv.com\/?p=29652"},"modified":"2025-05-18T12:56:22","modified_gmt":"2025-05-18T09:56:22","slug":"aydinda-hayvan-haklari-kurulu-toplantisi-yapildi","status":"publish","type":"post","link":"https:\/\/www.egemtv.com\/?p=29652","title":{"rendered":"Ayd\u0131n\u2019da Hayvan Haklar\u0131 Kurulu Toplant\u0131s\u0131 yap\u0131ld\u0131"},"content":{"rendered":"<p>Ayd\u0131n\u2019da sokak hayvanlar\u0131n\u0131n haklar\u0131n\u0131n korunmas\u0131 ve ya\u015fam \u015fartlar\u0131n\u0131n iyile\u015ftirilmesi amac\u0131yla Hayvan Haklar\u0131 Kurulu Toplant\u0131s\u0131 d\u00fczenlendi.<\/p>\n<p>Ayd\u0131n Valili\u011fi toplant\u0131 salonunda Vali Yakup Canbolat ba\u015fkanl\u0131\u011f\u0131ndaki toplant\u0131ya il\u00e7e kaymakamlar\u0131, belediye ba\u015fkanlar\u0131, kamu kurum ve kurulu\u015flar\u0131n\u0131n m\u00fcd\u00fcrlerinin yan\u0131 s\u0131ra sivil toplum \u00f6rg\u00fctlerinin temsilcileri de kat\u0131ld\u0131. Toplant\u0131da, sokak hayvanlar\u0131n\u0131n korunmas\u0131, beslenmesi, k\u0131s\u0131rla\u015ft\u0131r\u0131lmas\u0131, sahiplendirilmesi ve halkla uyumlu ya\u015famalar\u0131n\u0131n sa\u011flanmas\u0131na y\u00f6nelik \u00e7al\u0131\u015fmalar ele al\u0131nd\u0131. Ayd\u0131n Valisi Yakup Canbolat, toplant\u0131da yapt\u0131\u011f\u0131 konu\u015fmada hayvan haklar\u0131na dair duyarl\u0131l\u0131\u011f\u0131 vurgulayarak, &#8220;Sokak hayvanlar\u0131, ya\u015fad\u0131\u011f\u0131m\u0131z \u00e7evrenin bir par\u00e7as\u0131d\u0131r ve onlar\u0131n ya\u015fam hakk\u0131n\u0131 koruyarak toplumla uyum i\u00e7inde var olmalar\u0131n\u0131 sa\u011flamak hepimizin ortak sorumlulu\u011fudur&#8221; dedi.<br \/><\/p>\n","protected":false},"excerpt":{"rendered":"<p>Ayd\u0131n\u2019da sokak hayvanlar\u0131n\u0131n haklar\u0131n\u0131n korunmas\u0131 ve ya\u015fam \u015fartlar\u0131n\u0131n iyile\u015ftirilmesi amac\u0131yla Hayvan Haklar\u0131 Kurulu Toplant\u0131s\u0131 d\u00fczenlendi. Ayd\u0131n Valili\u011fi toplant\u0131 salonunda Vali Yakup Canbolat ba\u015fkanl\u0131\u011f\u0131ndaki toplant\u0131ya il\u00e7e kaymakamlar\u0131, belediye ba\u015fkanlar\u0131, kamu kurum ve kurulu\u015flar\u0131n\u0131n m\u00fcd\u00fcrlerinin yan\u0131 s\u0131ra sivil toplum \u00f6rg\u00fctlerinin temsilcileri de kat\u0131ld\u0131. Toplant\u0131da, sokak hayvanlar\u0131n\u0131n korunmas\u0131, beslenmesi, k\u0131s\u0131rla\u015ft\u0131r\u0131lmas\u0131, sahiplendirilmesi ve halkla uyumlu ya\u015famalar\u0131n\u0131n sa\u011flanmas\u0131na y\u00f6nelik \u00e7al\u0131\u015fmalar&#8230;<\/p>\n","protected":false},"author":1,"featured_media":29653,"comment_status":"open","ping_status":"open","sticky":false,"template":"","format":"standard","meta":{"_crdt_document":"","footnotes":""},"categories":[1],"tags":[],"class_list":["post-29652","post","type-post","status-publish","format-standard","has-post-thumbnail","hentry","category-guncel"],"_links":{"self":[{"href":"https:\/\/www.egemtv.com\/index.php?rest_route=\/wp\/v2\/posts\/29652","targetHints":{"allow":["GET"]}}],"collection":[{"href":"https:\/\/www.egemtv.com\/index.php?rest_route=\/wp\/v2\/posts"}],"about":[{"href":"https:\/\/www.egemtv.com\/index.php?rest_route=\/wp\/v2\/types\/post"}],"author":[{"embeddable":true,"href":"https:\/\/www.egemtv.com\/index.php?rest_route=\/wp\/v2\/users\/1"}],"replies":[{"embeddable":true,"href":"https:\/\/www.egemtv.com\/index.php?rest_route=%2Fwp%2Fv2%2Fcomments&post=29652"}],"version-history":[{"count":1,"href":"https:\/\/www.egemtv.com\/index.php?rest_route=\/wp\/v2\/posts\/29652\/revisions"}],"predecessor-version":[{"id":29654,"href":"https:\/\/www.egemtv.com\/index.php?rest_route=\/wp\/v2\/posts\/29652\/revisions\/29654"}],"wp:featuredmedia":[{"embeddable":true,"href":"https:\/\/www.egemtv.com\/index.php?rest_route=\/wp\/v2\/media\/29653"}],"wp:attachment":[{"href":"https:\/\/www.egemtv.com\/index.php?rest_route=%2Fwp%2Fv2%2Fmedia&parent=29652"}],"wp:term":[{"taxonomy":"category","embeddable":true,"href":"https:\/\/www.egemtv.com\/index.php?rest_route=%2Fwp%2Fv2%2Fcategories&post=29652"},{"taxonomy":"post_tag","embeddable":true,"href":"https:\/\/www.egemtv.com\/index.php?rest_route=%2Fwp%2Fv2%2Ftags&post=29652"}],"curies":[{"name":"wp","href":"https:\/\/api.w.org\/{rel}","templated":true}]}}