{"id":29649,"date":"2025-05-18T12:56:11","date_gmt":"2025-05-18T09:56:11","guid":{"rendered":"https:\/\/www.egemtv.com\/?p=29649"},"modified":"2025-05-18T12:56:17","modified_gmt":"2025-05-18T09:56:17","slug":"germiyan-sokakta-cifte-acilis-kutahya-kultur-ve-lezzetle-bulustu","status":"publish","type":"post","link":"https:\/\/www.egemtv.com\/?p=29649","title":{"rendered":"Germiyan Sokak\u2019ta \u00e7ifte a\u00e7\u0131l\u0131\u015f, K\u00fctahya k\u00fclt\u00fcr ve lezzetle bulu\u015ftu"},"content":{"rendered":"<p>K\u00fctahya Belediyesi, kentin k\u00fclt\u00fcrel miras\u0131n\u0131n simgelerinden biri olan Germiyan Sokak\u2019ta anlaml\u0131 bir etkinli\u011fe ev sahipli\u011fi yapt\u0131. &#8220;K\u00fctahya Y\u00f6resel Lezzetleri ve El Sanatlar\u0131&#8221; organizasyonu ile &#8220;K\u00fctahya Y\u00f6resel Ekspres&#8221; adl\u0131 lezzet vagonunun a\u00e7\u0131l\u0131\u015f\u0131, Belediye Ba\u015fkan\u0131 Ey\u00fcp Kahveci\u2019nin kat\u0131l\u0131m\u0131yla ger\u00e7ekle\u015ftirildi.<br \/>\n<br \/>A\u00e7\u0131l\u0131\u015f t\u00f6reninde konu\u015fan Ba\u015fkan Kahveci, Germiyan Sokak\u2019\u0131n yaln\u0131zca ge\u00e7mi\u015fi anlatan bir alan de\u011fil, ayn\u0131 zamanda gelece\u011fe y\u00f6n veren bir turizm destinasyonu olma yolunda ilerledi\u011fini vurgulad\u0131. Kahveci, &#8220;Bir \u015fehrin ger\u00e7ek zenginli\u011fi; onun insan\u0131nda, eme\u011finde, k\u00fclt\u00fcr\u00fcnde ve \u00fcretiminde gizlidir. Bu organizasyonla K\u00fctahya\u2019ya \u00f6zg\u00fc de\u011ferleri g\u00f6r\u00fcn\u00fcr k\u0131lmay\u0131 ama\u00e7l\u0131yoruz&#8221; dedi.<br \/>\n<br \/>Organizasyonda yakla\u015f\u0131k 60 stant yer ald\u0131. Stantlarda kad\u0131nlar\u0131n, zanaatk\u00e2rlar\u0131n ve gen\u00e7lerin el eme\u011fiyle \u00fcretti\u011fi tarhana, eri\u015fte, \u00e7ini, telkari ve el nak\u0131\u015flar\u0131 gibi bir\u00e7ok \u00fcr\u00fcn sergilendi. Etkinli\u011fin her hafta sonu saat 10.00 ile 20.00 aras\u0131nda a\u00e7\u0131k olaca\u011f\u0131n\u0131 belirten Ba\u015fkan Kahveci, &#8220;Buras\u0131 K\u00fctahya\u2019n\u0131n kalbi gibi atacak. Herkese kap\u0131m\u0131z a\u00e7\u0131k&#8221; ifadelerini kulland\u0131.<br \/>\n<br \/>Etkinli\u011fin bir di\u011fer dikkat \u00e7eken unsuru ise &#8220;K\u00fctahya Y\u00f6resel Ekspres&#8221; ad\u0131n\u0131 ta\u015f\u0131yan lezzet vagonu oldu. Germiyan Sokak\u2019a kurulan bu \u00f6zel alanda g\u00f6zleme, \u00e7ay ve kahve gibi y\u00f6resel lezzetler sunuluyor. Kahveci, bu giri\u015fimin bir k\u00fclt\u00fcr seferberli\u011finin par\u00e7as\u0131 oldu\u011funu belirterek, K\u00fctahya\u2019n\u0131n ge\u00e7mi\u015fe yaslanmakla kalmay\u0131p \u00fcretimle, sanatla ve birlik ruhuyla gelece\u011fe y\u00fcr\u00fcyen bir \u015fehir oldu\u011funu s\u00f6yledi.<br \/>\n<br \/>Kurdele kesimi ve dualarla ger\u00e7ekle\u015ftirilen a\u00e7\u0131l\u0131\u015f t\u00f6renine K\u00fctahya Valisi Musa I\u015f\u0131n, CHP Genel Ba\u015fkan Yard\u0131mc\u0131s\u0131 Zeliha Aksaz \u015eahbaz, CHP \u0130l Ba\u015fkan\u0131 Tamer Yenikaya, CHP \u0130l Kad\u0131n Kollar\u0131 Ba\u015fkan\u0131 M\u00fcn\u00fcre Kara, \u00fcreticiler, sanat\u00e7\u0131lar ve \u00e7ok say\u0131da vatanda\u015f kat\u0131ld\u0131.<br \/>\n<br \/>Ba\u015fkan Ey\u00fcp Kahveci, etkinli\u011fe katk\u0131 sunan t\u00fcm ki\u015fi ve kurumlara te\u015fekk\u00fcr ederek, a\u00e7\u0131l\u0131\u015flar\u0131n K\u00fctahya halk\u0131na hay\u0131rl\u0131 olmas\u0131n\u0131 diledi.<br \/><\/p>\n","protected":false},"excerpt":{"rendered":"<p>K\u00fctahya Belediyesi, kentin k\u00fclt\u00fcrel miras\u0131n\u0131n simgelerinden biri olan Germiyan Sokak\u2019ta anlaml\u0131 bir etkinli\u011fe ev sahipli\u011fi yapt\u0131. &#8220;K\u00fctahya Y\u00f6resel Lezzetleri ve El Sanatlar\u0131&#8221; organizasyonu ile &#8220;K\u00fctahya Y\u00f6resel Ekspres&#8221; adl\u0131 lezzet vagonunun a\u00e7\u0131l\u0131\u015f\u0131, Belediye Ba\u015fkan\u0131 Ey\u00fcp Kahveci\u2019nin kat\u0131l\u0131m\u0131yla ger\u00e7ekle\u015ftirildi. A\u00e7\u0131l\u0131\u015f t\u00f6reninde konu\u015fan Ba\u015fkan Kahveci, Germiyan Sokak\u2019\u0131n yaln\u0131zca ge\u00e7mi\u015fi anlatan bir alan de\u011fil, ayn\u0131 zamanda gelece\u011fe y\u00f6n veren&#8230;<\/p>\n","protected":false},"author":1,"featured_media":29650,"comment_status":"open","ping_status":"open","sticky":false,"template":"","format":"standard","meta":{"_crdt_document":"","footnotes":""},"categories":[123],"tags":[],"class_list":["post-29649","post","type-post","status-publish","format-standard","has-post-thumbnail","hentry","category-gundem"],"_links":{"self":[{"href":"https:\/\/www.egemtv.com\/index.php?rest_route=\/wp\/v2\/posts\/29649","targetHints":{"allow":["GET"]}}],"collection":[{"href":"https:\/\/www.egemtv.com\/index.php?rest_route=\/wp\/v2\/posts"}],"about":[{"href":"https:\/\/www.egemtv.com\/index.php?rest_route=\/wp\/v2\/types\/post"}],"author":[{"embeddable":true,"href":"https:\/\/www.egemtv.com\/index.php?rest_route=\/wp\/v2\/users\/1"}],"replies":[{"embeddable":true,"href":"https:\/\/www.egemtv.com\/index.php?rest_route=%2Fwp%2Fv2%2Fcomments&post=29649"}],"version-history":[{"count":1,"href":"https:\/\/www.egemtv.com\/index.php?rest_route=\/wp\/v2\/posts\/29649\/revisions"}],"predecessor-version":[{"id":29651,"href":"https:\/\/www.egemtv.com\/index.php?rest_route=\/wp\/v2\/posts\/29649\/revisions\/29651"}],"wp:featuredmedia":[{"embeddable":true,"href":"https:\/\/www.egemtv.com\/index.php?rest_route=\/wp\/v2\/media\/29650"}],"wp:attachment":[{"href":"https:\/\/www.egemtv.com\/index.php?rest_route=%2Fwp%2Fv2%2Fmedia&parent=29649"}],"wp:term":[{"taxonomy":"category","embeddable":true,"href":"https:\/\/www.egemtv.com\/index.php?rest_route=%2Fwp%2Fv2%2Fcategories&post=29649"},{"taxonomy":"post_tag","embeddable":true,"href":"https:\/\/www.egemtv.com\/index.php?rest_route=%2Fwp%2Fv2%2Ftags&post=29649"}],"curies":[{"name":"wp","href":"https:\/\/api.w.org\/{rel}","templated":true}]}}