{"id":29646,"date":"2025-05-18T12:35:54","date_gmt":"2025-05-18T09:35:54","guid":{"rendered":"https:\/\/www.egemtv.com\/?p=29646"},"modified":"2025-05-18T12:35:59","modified_gmt":"2025-05-18T09:35:59","slug":"alti-nokta-korler-dernegi-genclik-meclisi-ankarada-bulustu","status":"publish","type":"post","link":"https:\/\/www.egemtv.com\/?p=29646","title":{"rendered":"Alt\u0131 Nokta K\u00f6rler Derne\u011fi Gen\u00e7lik Meclisi Ankara\u2019da bulu\u015ftu"},"content":{"rendered":"<p>Alt\u0131 Nokta K\u00f6rler Derne\u011fi Gen\u00e7lik Meclisi \u00fcyeleri, Ankara\u2019da d\u00fczenlenen iki g\u00fcnl\u00fck programda bir araya gelerek bir dizi etkinlik ger\u00e7ekle\u015ftirdi.<br \/>\n<br \/>Program\u0131n ilk g\u00fcn\u00fcnde T\u00fcrkiye\u2019nin farkl\u0131 \u015fehirlerinden gelen g\u00f6rme engelli gen\u00e7ler, Alt\u0131 Nokta K\u00f6rler Derne\u011fi Ankara \u015eubesi taraf\u0131ndan organize edilen &#8220;T\u00fcrk\u00fcler Engel Tan\u0131maz&#8221; adl\u0131 konsere kat\u0131ld\u0131. Renkli g\u00f6r\u00fcnt\u00fclere sahne olan konser, gen\u00e7ler aras\u0131nda kayna\u015fmay\u0131 sa\u011flad\u0131.<br \/>\n<br \/>\u0130kinci g\u00fcn ise anlaml\u0131 bir ziyaretle ba\u015flad\u0131. Gen\u00e7lik Meclisi \u00fcyeleri, An\u0131tkabir\u2019i ziyaret ederek Gazi Mustafa Kemal Atat\u00fcrk\u2019\u00fcn huzurunda sayg\u0131 duru\u015funda bulundu. Ziyaretin ard\u0131ndan ger\u00e7ekle\u015ftirilen Gen\u00e7lik Meclisi toplant\u0131s\u0131nda y\u00fcr\u00fctme kurulu se\u00e7imleri yap\u0131ld\u0131.<br \/>\n<br \/>Toplant\u0131da konu\u015fan K\u00fctahyal\u0131 Alt\u0131 Nokta K\u00f6rler Derne\u011fi Gen\u00e7lik ve Spordan Sorumlu Genel Ba\u015fkan Yard\u0131mc\u0131s\u0131 \u0130smail Bar\u0131\u015f, 11 y\u0131ll\u0131k hayalini ger\u00e7ekle\u015ftirdi\u011fini belirterek, &#8220;Gen\u00e7lerimizi Ankara\u2019da bir araya getirerek b\u00f6yle bir toplant\u0131y\u0131 d\u00fczenlemek benim i\u00e7in b\u00fcy\u00fck bir gurur. Hep birlikte g\u00fczel projelere imza ataca\u011f\u0131m\u0131za inan\u0131yorum. Bu s\u00fcre\u00e7te desteklerini esirgemeyen Genel Ba\u015fkan\u0131m\u0131z Yusuf Dugan\u2019a ve y\u00f6netim kurulumuza te\u015fekk\u00fcr ederim&#8221; dedi. Bar\u0131\u015f, gen\u00e7li\u011fe olan inanc\u0131n\u0131 da &#8220;Gen\u00e7ler bir toplumun bug\u00fcn\u00fc ve yar\u0131n\u0131d\u0131r. Sizler de derne\u011fimizin yar\u0131n\u0131s\u0131n\u0131z&#8221; s\u00f6zleriyle vurgulad\u0131.<br \/>\n<br \/>Alt\u0131 Nokta K\u00f6rler Derne\u011fi Genel Ba\u015fkan\u0131 Yusuf Dugan da, gen\u00e7lerin genel merkezde a\u011f\u0131rlanmas\u0131ndan duydu\u011fu memnuniyeti dile getirerek, &#8220;Gen\u00e7lik Meclisi\u2019nin \u0130smail Bar\u0131\u015f\u2019\u0131n \u00f6nc\u00fcl\u00fc\u011f\u00fcnde \u00f6nemli \u00e7al\u0131\u015fmalara imza ataca\u011f\u0131na inan\u0131yoruz. Deste\u011fimiz her zaman sizlerle&#8221; ifadelerini kulland\u0131.<br \/>\n<br \/>Etkinlik kapsam\u0131nda Alt\u0131 Nokta K\u00f6rler Derne\u011fi Genel Sekreteri Avukat Suha Sa\u011flam ise derne\u011fin tarih\u00e7esi, temel ilkeleri ve engelli m\u00fccadelesindeki yeri hakk\u0131nda bilgilendirici bir sunum yapt\u0131.<br \/>\n<br \/>Toplant\u0131, y\u00fcr\u00fctme kurulu \u00fcyelerinin belirlenmesinin ard\u0131ndan dilek, temenni ve g\u00f6r\u00fc\u015flerin payla\u015f\u0131lmas\u0131yla sona erdi.<br \/><\/p>\n","protected":false},"excerpt":{"rendered":"<p>Alt\u0131 Nokta K\u00f6rler Derne\u011fi Gen\u00e7lik Meclisi \u00fcyeleri, Ankara\u2019da d\u00fczenlenen iki g\u00fcnl\u00fck programda bir araya gelerek bir dizi etkinlik ger\u00e7ekle\u015ftirdi. Program\u0131n ilk g\u00fcn\u00fcnde T\u00fcrkiye\u2019nin farkl\u0131 \u015fehirlerinden gelen g\u00f6rme engelli gen\u00e7ler, Alt\u0131 Nokta K\u00f6rler Derne\u011fi Ankara \u015eubesi taraf\u0131ndan organize edilen &#8220;T\u00fcrk\u00fcler Engel Tan\u0131maz&#8221; adl\u0131 konsere kat\u0131ld\u0131. Renkli g\u00f6r\u00fcnt\u00fclere sahne olan konser, gen\u00e7ler aras\u0131nda kayna\u015fmay\u0131 sa\u011flad\u0131. \u0130kinci g\u00fcn&#8230;<\/p>\n","protected":false},"author":1,"featured_media":29647,"comment_status":"open","ping_status":"open","sticky":false,"template":"","format":"standard","meta":{"_crdt_document":"","footnotes":""},"categories":[123],"tags":[],"class_list":["post-29646","post","type-post","status-publish","format-standard","has-post-thumbnail","hentry","category-gundem"],"_links":{"self":[{"href":"https:\/\/www.egemtv.com\/index.php?rest_route=\/wp\/v2\/posts\/29646","targetHints":{"allow":["GET"]}}],"collection":[{"href":"https:\/\/www.egemtv.com\/index.php?rest_route=\/wp\/v2\/posts"}],"about":[{"href":"https:\/\/www.egemtv.com\/index.php?rest_route=\/wp\/v2\/types\/post"}],"author":[{"embeddable":true,"href":"https:\/\/www.egemtv.com\/index.php?rest_route=\/wp\/v2\/users\/1"}],"replies":[{"embeddable":true,"href":"https:\/\/www.egemtv.com\/index.php?rest_route=%2Fwp%2Fv2%2Fcomments&post=29646"}],"version-history":[{"count":1,"href":"https:\/\/www.egemtv.com\/index.php?rest_route=\/wp\/v2\/posts\/29646\/revisions"}],"predecessor-version":[{"id":29648,"href":"https:\/\/www.egemtv.com\/index.php?rest_route=\/wp\/v2\/posts\/29646\/revisions\/29648"}],"wp:featuredmedia":[{"embeddable":true,"href":"https:\/\/www.egemtv.com\/index.php?rest_route=\/wp\/v2\/media\/29647"}],"wp:attachment":[{"href":"https:\/\/www.egemtv.com\/index.php?rest_route=%2Fwp%2Fv2%2Fmedia&parent=29646"}],"wp:term":[{"taxonomy":"category","embeddable":true,"href":"https:\/\/www.egemtv.com\/index.php?rest_route=%2Fwp%2Fv2%2Fcategories&post=29646"},{"taxonomy":"post_tag","embeddable":true,"href":"https:\/\/www.egemtv.com\/index.php?rest_route=%2Fwp%2Fv2%2Ftags&post=29646"}],"curies":[{"name":"wp","href":"https:\/\/api.w.org\/{rel}","templated":true}]}}