{"id":29643,"date":"2025-05-18T12:16:17","date_gmt":"2025-05-18T09:16:17","guid":{"rendered":"https:\/\/www.egemtv.com\/?p=29643"},"modified":"2025-05-18T12:16:21","modified_gmt":"2025-05-18T09:16:21","slug":"kirkagacta-25-yil-sonra-hafizlik-merasimi-duzenlendi","status":"publish","type":"post","link":"https:\/\/www.egemtv.com\/?p=29643","title":{"rendered":"K\u0131rka\u011fa\u00e7\u2019ta 25 y\u0131l sonra haf\u0131zl\u0131k merasimi d\u00fczenlendi"},"content":{"rendered":"<p>Manisa\u2019n\u0131n K\u0131rka\u011fa\u00e7 il\u00e7esinde en son 2000 y\u0131l\u0131nda d\u00fczenlenen Haf\u0131zl\u0131k \u0130cazet Merasimi tam 25 y\u0131l sonra bir kez daha ger\u00e7ekle\u015ftirildi.<br \/>\n<br \/>Ayanzade Kur\u2019an Kurslar\u0131 Derne\u011fi ve K\u0131rka\u011fa\u00e7 \u0130l\u00e7e M\u00fcft\u00fcl\u00fc\u011f\u00fc taraf\u0131ndan organize edilen program K\u0131rka\u011fa\u00e7 Kapal\u0131 Spor Salonunda d\u00fczenlendi.<br \/>\n<br \/>Programa K\u0131rka\u011fa\u00e7 Kaymakam\u0131 Zafer Oktay, K\u0131rka\u011fa\u00e7 Belediye Ba\u015fkan\u0131 \u00dcst\u00fcn D\u00f6nmez, Diyanet \u0130\u015fleri Ba\u015fkan Yard\u0131mc\u0131s\u0131 Prof. Dr. \u0130brahim Hilmi Karsl\u0131, Diyanet \u0130\u015fleri Ba\u015fkanl\u0131\u011f\u0131 Mushaflar\u0131 \u0130nceleme ve K\u0131raat Kurulu \u00dcyesi Reis\u00fc-l Kurra Vekili Sedat Ayd\u0131nl\u0131, Manisa \u0130l M\u00fcft\u00fcs\u00fc \u015e\u00fckr\u00fc Kabuk\u00e7u, \u0130l\u00e7e Emniyet M\u00fcd\u00fcr\u00fc Say\u0131m Ba\u015faran, daire amirleri, siyasi parti temsilcileri, oda ba\u015fkanlar\u0131 ile \u00e7ok say\u0131da vatanda\u015f kat\u0131ld\u0131.<br \/>\n<br \/>Ayanzade Kur\u2019an Kursunda din g\u00f6revlisi \u015eaban \u015eahin hocada haf\u0131zl\u0131\u011f\u0131n\u0131 tamamlayan 7 \u00f6\u011frenci i\u00e7in Haf\u0131zl\u0131k \u0130cazet Merasimi d\u00fczelendi.<br \/>\n<br \/>Sayg\u0131 duru\u015funda bulunulmas\u0131 ve \u0130stiklal Mar\u015f\u0131n\u0131n okunmas\u0131 ile ba\u015flayan program\u0131n a\u00e7\u0131l\u0131\u015f konu\u015fmas\u0131n\u0131 K\u0131rka\u011fa\u00e7 M\u00fcft\u00fc Vekili Soma \u0130l\u00e7e M\u00fcft\u00fcs\u00fc H\u00fcseyin K\u0131l\u0131n\u00e7al yapt\u0131.<br \/>\n<br \/>Daha sonra s\u0131ras\u0131yla Manisa \u0130l M\u00fcft\u00fcs\u00fc \u015e\u00fckr\u00fc Kabuk\u00e7u ve Diyanet \u0130\u015fleri Ba\u015fkan Yard\u0131mc\u0131s\u0131 Prof. Dr. \u0130brahim Hilmi Karsl\u0131 birer konu\u015fma yapt\u0131.<br \/>\n<br \/>B\u00fcy\u00fck \u00c7aml\u0131ca Camii M\u00fcezzinleri Ahmet Aybar ve Enes \u00d6zsoy ile Beykoz Eyyab Cami \u0130mam Hatibi Abd\u00fcllatif Efe ilahi, kaside ve Kur\u2019an-\u0131 Kerim okumalar\u0131n\u0131n ard\u0131ndan tekbirler e\u015fli\u011finde 7 haf\u0131z \u00f6\u011frenci, onlar\u0131 yeti\u015ftiren hocalar\u0131yla birlikte salona girdi.<br \/>\n<br \/>Reis\u00fc-l Kurra Vekili Sedat Ayd\u0131nl\u0131\u2019n\u0131n ba\u015fkanl\u0131\u011f\u0131nda \u00f6\u011frencilerin hatim tertibi ger\u00e7ekle\u015ftirildi.<br \/>\n<br \/>Ayd\u0131nl\u0131\u2019n\u0131n yapt\u0131\u011f\u0131 duan\u0131n ard\u0131ndan program\u0131n son b\u00f6l\u00fcm\u00fcnde \u00f6\u011frencilere ve kat\u0131l\u0131mc\u0131lara protokol taraf\u0131ndan hediyeler takdim edildi. Organizasyon verilen hay\u0131r yeme\u011fi ile son buldu.<br \/><\/p>\n","protected":false},"excerpt":{"rendered":"<p>Manisa\u2019n\u0131n K\u0131rka\u011fa\u00e7 il\u00e7esinde en son 2000 y\u0131l\u0131nda d\u00fczenlenen Haf\u0131zl\u0131k \u0130cazet Merasimi tam 25 y\u0131l sonra bir kez daha ger\u00e7ekle\u015ftirildi. Ayanzade Kur\u2019an Kurslar\u0131 Derne\u011fi ve K\u0131rka\u011fa\u00e7 \u0130l\u00e7e M\u00fcft\u00fcl\u00fc\u011f\u00fc taraf\u0131ndan organize edilen program K\u0131rka\u011fa\u00e7 Kapal\u0131 Spor Salonunda d\u00fczenlendi. Programa K\u0131rka\u011fa\u00e7 Kaymakam\u0131 Zafer Oktay, K\u0131rka\u011fa\u00e7 Belediye Ba\u015fkan\u0131 \u00dcst\u00fcn D\u00f6nmez, Diyanet \u0130\u015fleri Ba\u015fkan Yard\u0131mc\u0131s\u0131 Prof. Dr. \u0130brahim Hilmi Karsl\u0131,&#8230;<\/p>\n","protected":false},"author":1,"featured_media":29644,"comment_status":"open","ping_status":"open","sticky":false,"template":"","format":"standard","meta":{"_crdt_document":"","footnotes":""},"categories":[1],"tags":[],"class_list":["post-29643","post","type-post","status-publish","format-standard","has-post-thumbnail","hentry","category-guncel"],"_links":{"self":[{"href":"https:\/\/www.egemtv.com\/index.php?rest_route=\/wp\/v2\/posts\/29643","targetHints":{"allow":["GET"]}}],"collection":[{"href":"https:\/\/www.egemtv.com\/index.php?rest_route=\/wp\/v2\/posts"}],"about":[{"href":"https:\/\/www.egemtv.com\/index.php?rest_route=\/wp\/v2\/types\/post"}],"author":[{"embeddable":true,"href":"https:\/\/www.egemtv.com\/index.php?rest_route=\/wp\/v2\/users\/1"}],"replies":[{"embeddable":true,"href":"https:\/\/www.egemtv.com\/index.php?rest_route=%2Fwp%2Fv2%2Fcomments&post=29643"}],"version-history":[{"count":1,"href":"https:\/\/www.egemtv.com\/index.php?rest_route=\/wp\/v2\/posts\/29643\/revisions"}],"predecessor-version":[{"id":29645,"href":"https:\/\/www.egemtv.com\/index.php?rest_route=\/wp\/v2\/posts\/29643\/revisions\/29645"}],"wp:featuredmedia":[{"embeddable":true,"href":"https:\/\/www.egemtv.com\/index.php?rest_route=\/wp\/v2\/media\/29644"}],"wp:attachment":[{"href":"https:\/\/www.egemtv.com\/index.php?rest_route=%2Fwp%2Fv2%2Fmedia&parent=29643"}],"wp:term":[{"taxonomy":"category","embeddable":true,"href":"https:\/\/www.egemtv.com\/index.php?rest_route=%2Fwp%2Fv2%2Fcategories&post=29643"},{"taxonomy":"post_tag","embeddable":true,"href":"https:\/\/www.egemtv.com\/index.php?rest_route=%2Fwp%2Fv2%2Ftags&post=29643"}],"curies":[{"name":"wp","href":"https:\/\/api.w.org\/{rel}","templated":true}]}}