{"id":29640,"date":"2025-05-18T12:16:12","date_gmt":"2025-05-18T09:16:12","guid":{"rendered":"https:\/\/www.egemtv.com\/?p=29640"},"modified":"2025-05-18T12:16:16","modified_gmt":"2025-05-18T09:16:16","slug":"aydinda-kurban-kesim-ucretleri-belli-oldu","status":"publish","type":"post","link":"https:\/\/www.egemtv.com\/?p=29640","title":{"rendered":"Ayd\u0131n\u2019da kurban kesim \u00fccretleri belli oldu"},"content":{"rendered":"<p>Ayd\u0131n Kasaplar ve Celepler Odas\u0131 2025 y\u0131l\u0131 Kurban Bayram\u0131 \u00f6ncesi kurban kesim ve i\u015fleme \u00fccret tarifesini a\u00e7\u0131klad\u0131. Yetkililer, halk sa\u011fl\u0131\u011f\u0131n\u0131 ve hijyen \u015fartlar\u0131n\u0131 korumak amac\u0131yla i\u015fin ehli olmayan ki\u015filer hakk\u0131nda cezai i\u015flem uygulanaca\u011f\u0131n\u0131 vurgulad\u0131.<\/p>\n<p>Kurban Bayram\u0131 \u00f6ncesinde Ayd\u0131n Kasaplar ve Celepler Odas\u0131 taraf\u0131ndan belirlenen 2025 y\u0131l\u0131 kurban kesim \u00fccretleri sosyal medya hesab\u0131 \u00fczerinden kamuoyuyla payla\u015f\u0131ld\u0131. A\u00e7\u0131klanan tarifeye g\u00f6re; b\u00fcy\u00fckba\u015f kesim \u00fccreti 5 bin TL, k\u00fc\u00e7\u00fckba\u015f kesim \u00fccreti 500 TL, hisse paylama 2 bin 500 TL, kuzu i\u015fleme (kg) 50 TL, ku\u015fba\u015f\u0131 do\u011frama (kg) 25 TL, k\u0131yma \u00e7ekme (kg) 20 TL ve sucuk dolum (kg) 150 TL olarak belirlendi. Yetkililer, vatanda\u015flar\u0131n kurban kesimlerini belgeli, ehliyetli ve hijyen kurallar\u0131na uygun \u015fekilde hizmet veren kasaplara yapt\u0131rmalar\u0131 gerekti\u011fini hat\u0131rlatarak, kurallara uymayan ki\u015filerin tespit edilmesi halinde cezai i\u015flem uygulanaca\u011f\u0131n\u0131 a\u00e7\u0131klad\u0131.<br \/><\/p>\n","protected":false},"excerpt":{"rendered":"<p>Ayd\u0131n Kasaplar ve Celepler Odas\u0131 2025 y\u0131l\u0131 Kurban Bayram\u0131 \u00f6ncesi kurban kesim ve i\u015fleme \u00fccret tarifesini a\u00e7\u0131klad\u0131. Yetkililer, halk sa\u011fl\u0131\u011f\u0131n\u0131 ve hijyen \u015fartlar\u0131n\u0131 korumak amac\u0131yla i\u015fin ehli olmayan ki\u015filer hakk\u0131nda cezai i\u015flem uygulanaca\u011f\u0131n\u0131 vurgulad\u0131. Kurban Bayram\u0131 \u00f6ncesinde Ayd\u0131n Kasaplar ve Celepler Odas\u0131 taraf\u0131ndan belirlenen 2025 y\u0131l\u0131 kurban kesim \u00fccretleri sosyal medya hesab\u0131 \u00fczerinden kamuoyuyla payla\u015f\u0131ld\u0131&#8230;.<\/p>\n","protected":false},"author":1,"featured_media":29641,"comment_status":"open","ping_status":"open","sticky":false,"template":"","format":"standard","meta":{"_crdt_document":"","footnotes":""},"categories":[1],"tags":[],"class_list":["post-29640","post","type-post","status-publish","format-standard","has-post-thumbnail","hentry","category-guncel"],"_links":{"self":[{"href":"https:\/\/www.egemtv.com\/index.php?rest_route=\/wp\/v2\/posts\/29640","targetHints":{"allow":["GET"]}}],"collection":[{"href":"https:\/\/www.egemtv.com\/index.php?rest_route=\/wp\/v2\/posts"}],"about":[{"href":"https:\/\/www.egemtv.com\/index.php?rest_route=\/wp\/v2\/types\/post"}],"author":[{"embeddable":true,"href":"https:\/\/www.egemtv.com\/index.php?rest_route=\/wp\/v2\/users\/1"}],"replies":[{"embeddable":true,"href":"https:\/\/www.egemtv.com\/index.php?rest_route=%2Fwp%2Fv2%2Fcomments&post=29640"}],"version-history":[{"count":1,"href":"https:\/\/www.egemtv.com\/index.php?rest_route=\/wp\/v2\/posts\/29640\/revisions"}],"predecessor-version":[{"id":29642,"href":"https:\/\/www.egemtv.com\/index.php?rest_route=\/wp\/v2\/posts\/29640\/revisions\/29642"}],"wp:featuredmedia":[{"embeddable":true,"href":"https:\/\/www.egemtv.com\/index.php?rest_route=\/wp\/v2\/media\/29641"}],"wp:attachment":[{"href":"https:\/\/www.egemtv.com\/index.php?rest_route=%2Fwp%2Fv2%2Fmedia&parent=29640"}],"wp:term":[{"taxonomy":"category","embeddable":true,"href":"https:\/\/www.egemtv.com\/index.php?rest_route=%2Fwp%2Fv2%2Fcategories&post=29640"},{"taxonomy":"post_tag","embeddable":true,"href":"https:\/\/www.egemtv.com\/index.php?rest_route=%2Fwp%2Fv2%2Ftags&post=29640"}],"curies":[{"name":"wp","href":"https:\/\/api.w.org\/{rel}","templated":true}]}}