{"id":29637,"date":"2025-05-18T12:16:07","date_gmt":"2025-05-18T09:16:07","guid":{"rendered":"https:\/\/www.egemtv.com\/?p=29637"},"modified":"2025-05-18T12:16:12","modified_gmt":"2025-05-18T09:16:12","slug":"ilkokul-ogrencilerinden-girisimcilige-ilk-adim","status":"publish","type":"post","link":"https:\/\/www.egemtv.com\/?p=29637","title":{"rendered":"\u0130lkokul \u00f6\u011frencilerinden giri\u015fimcili\u011fe ilk ad\u0131m"},"content":{"rendered":"<p>Manisa\u2019n\u0131n Ala\u015fehir il\u00e7esinde bulunan Mustafa Be\u015fik\u00e7io\u011flu \u0130lkokulu \u00f6\u011frencileri, okul bah\u00e7esinde kurduklar\u0131 &#8220;Minik Giri\u015fimci Pazar\u0131&#8221; ile hayat\u0131n i\u00e7inden \u00f6nemli bir deneyim kazand\u0131. \u00d6\u011frenciler, evlerinde \u00fcrettikleri el i\u015fi s\u00fcs e\u015fyalar\u0131, tak\u0131lar, kek ve pastalar\u0131 kendi haz\u0131rlad\u0131klar\u0131 tezgahlarda sat\u0131\u015fa sunarak hem \u00fcretmeyi hem de pazarl\u0131k yapmay\u0131 \u00f6\u011frendi.<br \/>\n<br \/>Minik giri\u015fimciler, kendi \u00fcr\u00fcnlerini sergiledikleri stantlarda, ayn\u0131 zamanda al\u0131c\u0131 olan arkada\u015flar\u0131yla k\u0131yas\u0131ya pazarl\u0131k yapt\u0131. \u00d6\u011frenciler bu sayede hem al\u0131\u015fveri\u015f s\u00fcrecine dair fark\u0131ndal\u0131k kazand\u0131 hem de eme\u011fin ve kazanc\u0131n de\u011ferini ya\u015fayarak \u00f6\u011frenme f\u0131rsat\u0131 buldu.<br \/>\n<br \/>Mustafa Be\u015fik\u00e7io\u011flu \u0130lkokulu M\u00fcd\u00fcr\u00fc Mustafa Y\u0131lmaz, etkinli\u011fin amac\u0131n\u0131n \u00e7ocuklar\u0131 erken ya\u015fta \u00fcretime ve ticarete te\u015fvik ederek hayata haz\u0131rlamak oldu\u011funu belirtti. M\u00fcd\u00fcr Y\u0131lmaz, &#8220;Sadece \u00f6\u011frencilerin kendi \u00fcrettikleri \u00fcr\u00fcnlerin sat\u0131\u015f\u0131na izin verdik. Bu sayede \u00e7ocuklar \u00fcretmenin ve sat\u0131\u015f yapman\u0131n zorluklar\u0131n\u0131 birebir deneyimledi. Pazarl\u0131k s\u00fcre\u00e7lerinde de olduk\u00e7a e\u011flenceli anlar ya\u015fand\u0131.&#8221; dedi.<br \/>\n<br \/>Etkinli\u011fin ard\u0131ndan \u00f6\u011fretmenler ve velilerden olumlu geri d\u00f6n\u00fc\u015fler ald\u0131klar\u0131n\u0131 ifade eden Y\u0131lmaz, \u00e7ocuklar\u0131n edindi\u011fi bu tecr\u00fcbenin ileriki ya\u015fant\u0131lar\u0131nda onlara b\u00fcy\u00fck katk\u0131 sa\u011flayaca\u011f\u0131n\u0131 dile getirdi.<br \/><\/p>\n","protected":false},"excerpt":{"rendered":"<p>Manisa\u2019n\u0131n Ala\u015fehir il\u00e7esinde bulunan Mustafa Be\u015fik\u00e7io\u011flu \u0130lkokulu \u00f6\u011frencileri, okul bah\u00e7esinde kurduklar\u0131 &#8220;Minik Giri\u015fimci Pazar\u0131&#8221; ile hayat\u0131n i\u00e7inden \u00f6nemli bir deneyim kazand\u0131. \u00d6\u011frenciler, evlerinde \u00fcrettikleri el i\u015fi s\u00fcs e\u015fyalar\u0131, tak\u0131lar, kek ve pastalar\u0131 kendi haz\u0131rlad\u0131klar\u0131 tezgahlarda sat\u0131\u015fa sunarak hem \u00fcretmeyi hem de pazarl\u0131k yapmay\u0131 \u00f6\u011frendi. Minik giri\u015fimciler, kendi \u00fcr\u00fcnlerini sergiledikleri stantlarda, ayn\u0131 zamanda al\u0131c\u0131 olan arkada\u015flar\u0131yla&#8230;<\/p>\n","protected":false},"author":1,"featured_media":29638,"comment_status":"open","ping_status":"open","sticky":false,"template":"","format":"standard","meta":{"_crdt_document":"","footnotes":""},"categories":[1],"tags":[],"class_list":["post-29637","post","type-post","status-publish","format-standard","has-post-thumbnail","hentry","category-guncel"],"_links":{"self":[{"href":"https:\/\/www.egemtv.com\/index.php?rest_route=\/wp\/v2\/posts\/29637","targetHints":{"allow":["GET"]}}],"collection":[{"href":"https:\/\/www.egemtv.com\/index.php?rest_route=\/wp\/v2\/posts"}],"about":[{"href":"https:\/\/www.egemtv.com\/index.php?rest_route=\/wp\/v2\/types\/post"}],"author":[{"embeddable":true,"href":"https:\/\/www.egemtv.com\/index.php?rest_route=\/wp\/v2\/users\/1"}],"replies":[{"embeddable":true,"href":"https:\/\/www.egemtv.com\/index.php?rest_route=%2Fwp%2Fv2%2Fcomments&post=29637"}],"version-history":[{"count":1,"href":"https:\/\/www.egemtv.com\/index.php?rest_route=\/wp\/v2\/posts\/29637\/revisions"}],"predecessor-version":[{"id":29639,"href":"https:\/\/www.egemtv.com\/index.php?rest_route=\/wp\/v2\/posts\/29637\/revisions\/29639"}],"wp:featuredmedia":[{"embeddable":true,"href":"https:\/\/www.egemtv.com\/index.php?rest_route=\/wp\/v2\/media\/29638"}],"wp:attachment":[{"href":"https:\/\/www.egemtv.com\/index.php?rest_route=%2Fwp%2Fv2%2Fmedia&parent=29637"}],"wp:term":[{"taxonomy":"category","embeddable":true,"href":"https:\/\/www.egemtv.com\/index.php?rest_route=%2Fwp%2Fv2%2Fcategories&post=29637"},{"taxonomy":"post_tag","embeddable":true,"href":"https:\/\/www.egemtv.com\/index.php?rest_route=%2Fwp%2Fv2%2Ftags&post=29637"}],"curies":[{"name":"wp","href":"https:\/\/api.w.org\/{rel}","templated":true}]}}