{"id":29532,"date":"2025-05-17T14:58:12","date_gmt":"2025-05-17T11:58:12","guid":{"rendered":"https:\/\/www.egemtv.com\/?p=29532"},"modified":"2025-05-17T14:58:17","modified_gmt":"2025-05-17T11:58:17","slug":"aranan-iki-hukumlu-turgutluda-yakalandi","status":"publish","type":"post","link":"https:\/\/www.egemtv.com\/?p=29532","title":{"rendered":"Aranan iki h\u00fck\u00fcml\u00fc Turgutlu\u2019da yakaland\u0131"},"content":{"rendered":"<p>Manisa\u2019n\u0131n Turgutlu il\u00e7esinde jandarma ekiplerinin d\u00fczenledi\u011fi operasyonda, haklar\u0131nda kesinle\u015fmi\u015f hapis cezas\u0131 bulunan iki h\u00fck\u00fcml\u00fc yakaland\u0131.<br \/>\n<br \/>Turgutlu \u0130l\u00e7e Jandarma Komutanl\u0131\u011f\u0131 koordinesinde, Urganl\u0131 Jandarma Karakol Komutanl\u0131\u011f\u0131 ve Turgutlu Jandarma Su\u00e7 Ara\u015ft\u0131rma Timi (JASAT) ekiplerinin ortak \u00e7al\u0131\u015fmas\u0131yla 16 May\u0131s\u2019ta ger\u00e7ekle\u015ftirilen operasyonda, &#8220;Ki\u015fiyi H\u00fcrriyetinden Yoksun K\u0131lma&#8221; ve &#8220;Kasten Yaralama&#8221; su\u00e7lar\u0131ndan hakk\u0131nda kesinle\u015fmi\u015f 17 y\u0131l hapis cezas\u0131 bulunan A.\u0130.Y. (46) ile &#8220;Silahl\u0131 Ya\u011fma&#8221; su\u00e7undan kesinle\u015fmi\u015f 13 y\u0131l 8 ay hapis cezas\u0131 bulunan U.\u00c7. (38) yakalanarak g\u00f6zalt\u0131na al\u0131nd\u0131. Yakalanan \u015fah\u0131slar, i\u015flemlerinin ard\u0131ndan sevk edildikleri adli makamlarca tutuklanarak cezaevine teslim edildi.<br \/><\/p>\n","protected":false},"excerpt":{"rendered":"<p>Manisa\u2019n\u0131n Turgutlu il\u00e7esinde jandarma ekiplerinin d\u00fczenledi\u011fi operasyonda, haklar\u0131nda kesinle\u015fmi\u015f hapis cezas\u0131 bulunan iki h\u00fck\u00fcml\u00fc yakaland\u0131. Turgutlu \u0130l\u00e7e Jandarma Komutanl\u0131\u011f\u0131 koordinesinde, Urganl\u0131 Jandarma Karakol Komutanl\u0131\u011f\u0131 ve Turgutlu Jandarma Su\u00e7 Ara\u015ft\u0131rma Timi (JASAT) ekiplerinin ortak \u00e7al\u0131\u015fmas\u0131yla 16 May\u0131s\u2019ta ger\u00e7ekle\u015ftirilen operasyonda, &#8220;Ki\u015fiyi H\u00fcrriyetinden Yoksun K\u0131lma&#8221; ve &#8220;Kasten Yaralama&#8221; su\u00e7lar\u0131ndan hakk\u0131nda kesinle\u015fmi\u015f 17 y\u0131l hapis cezas\u0131 bulunan A.\u0130.Y. (46)&#8230;<\/p>\n","protected":false},"author":1,"featured_media":29533,"comment_status":"open","ping_status":"open","sticky":false,"template":"","format":"standard","meta":{"_crdt_document":"","footnotes":""},"categories":[5],"tags":[],"class_list":["post-29532","post","type-post","status-publish","format-standard","has-post-thumbnail","hentry","category-asayis"],"_links":{"self":[{"href":"https:\/\/www.egemtv.com\/index.php?rest_route=\/wp\/v2\/posts\/29532","targetHints":{"allow":["GET"]}}],"collection":[{"href":"https:\/\/www.egemtv.com\/index.php?rest_route=\/wp\/v2\/posts"}],"about":[{"href":"https:\/\/www.egemtv.com\/index.php?rest_route=\/wp\/v2\/types\/post"}],"author":[{"embeddable":true,"href":"https:\/\/www.egemtv.com\/index.php?rest_route=\/wp\/v2\/users\/1"}],"replies":[{"embeddable":true,"href":"https:\/\/www.egemtv.com\/index.php?rest_route=%2Fwp%2Fv2%2Fcomments&post=29532"}],"version-history":[{"count":1,"href":"https:\/\/www.egemtv.com\/index.php?rest_route=\/wp\/v2\/posts\/29532\/revisions"}],"predecessor-version":[{"id":29534,"href":"https:\/\/www.egemtv.com\/index.php?rest_route=\/wp\/v2\/posts\/29532\/revisions\/29534"}],"wp:featuredmedia":[{"embeddable":true,"href":"https:\/\/www.egemtv.com\/index.php?rest_route=\/wp\/v2\/media\/29533"}],"wp:attachment":[{"href":"https:\/\/www.egemtv.com\/index.php?rest_route=%2Fwp%2Fv2%2Fmedia&parent=29532"}],"wp:term":[{"taxonomy":"category","embeddable":true,"href":"https:\/\/www.egemtv.com\/index.php?rest_route=%2Fwp%2Fv2%2Fcategories&post=29532"},{"taxonomy":"post_tag","embeddable":true,"href":"https:\/\/www.egemtv.com\/index.php?rest_route=%2Fwp%2Fv2%2Ftags&post=29532"}],"curies":[{"name":"wp","href":"https:\/\/api.w.org\/{rel}","templated":true}]}}