{"id":29529,"date":"2025-05-17T14:58:06","date_gmt":"2025-05-17T11:58:06","guid":{"rendered":"https:\/\/www.egemtv.com\/?p=29529"},"modified":"2025-05-17T14:58:12","modified_gmt":"2025-05-17T11:58:12","slug":"manisada-sehit-mehmet-uyarin-kardesi-evlendi","status":"publish","type":"post","link":"https:\/\/www.egemtv.com\/?p=29529","title":{"rendered":"Manisa\u2019da \u015fehit Mehmet Uyar\u2019\u0131n karde\u015fi evlendi"},"content":{"rendered":"<p>Diyarbak\u0131r\u2019\u0131n \u00c7\u0131nar il\u00e7esinde 2015 y\u0131l\u0131nda hain ter\u00f6r sald\u0131r\u0131s\u0131 sonucu \u015fehit olan polis memuru Mehmet Uyar\u2019\u0131n karde\u015fi Murat Uyar, Manisa\u2019n\u0131n Salihli il\u00e7esinde hayat\u0131n\u0131 Y\u0131ld\u0131z Yessimov ile birle\u015ftirdi.<br \/>\n<br \/>Salihli\u2019de Naime-Talgat Yessimov \u00e7iftinin k\u0131zlar\u0131 Y\u0131ld\u0131z, Meryem-H\u00fcseyin Uyar \u00e7iftinin o\u011fullar\u0131 \u015fehit polis memuru Mehmet Uyar\u2019\u0131n karde\u015fi Murat, G\u00fcm\u00fc\u015f Kafeterya K\u0131r D\u00fc\u011f\u00fcn Salonu\u2019nda d\u00fczenlenen d\u00fc\u011f\u00fcn t\u00f6reni ile evlendi.<br \/>\n<br \/>D\u00fc\u011f\u00fcn t\u00f6renine Kaymakam Ali G\u00fcldo\u011fan, Belediye Ba\u015fkan\u0131 Mazlum Nurlu, \u0130l\u00e7e Emniyet M\u00fcd\u00fcr\u00fc Burhan Demirk\u0131ran, T\u00fcrkiye Harp Malul\u00fc Gaziler, \u015eehit Dul ve Yetimler Derne\u011fi Salihli Temsilcisi R\u0131dvan Herey\u2019in yan\u0131 s\u0131ra \u015fehit aileleri ve davetliler kat\u0131ld\u0131.<br \/><\/p>\n","protected":false},"excerpt":{"rendered":"<p>Diyarbak\u0131r\u2019\u0131n \u00c7\u0131nar il\u00e7esinde 2015 y\u0131l\u0131nda hain ter\u00f6r sald\u0131r\u0131s\u0131 sonucu \u015fehit olan polis memuru Mehmet Uyar\u2019\u0131n karde\u015fi Murat Uyar, Manisa\u2019n\u0131n Salihli il\u00e7esinde hayat\u0131n\u0131 Y\u0131ld\u0131z Yessimov ile birle\u015ftirdi. Salihli\u2019de Naime-Talgat Yessimov \u00e7iftinin k\u0131zlar\u0131 Y\u0131ld\u0131z, Meryem-H\u00fcseyin Uyar \u00e7iftinin o\u011fullar\u0131 \u015fehit polis memuru Mehmet Uyar\u2019\u0131n karde\u015fi Murat, G\u00fcm\u00fc\u015f Kafeterya K\u0131r D\u00fc\u011f\u00fcn Salonu\u2019nda d\u00fczenlenen d\u00fc\u011f\u00fcn t\u00f6reni ile evlendi. D\u00fc\u011f\u00fcn t\u00f6renine&#8230;<\/p>\n","protected":false},"author":1,"featured_media":29530,"comment_status":"open","ping_status":"open","sticky":false,"template":"","format":"standard","meta":{"_crdt_document":"","footnotes":""},"categories":[123],"tags":[],"class_list":["post-29529","post","type-post","status-publish","format-standard","has-post-thumbnail","hentry","category-gundem"],"_links":{"self":[{"href":"https:\/\/www.egemtv.com\/index.php?rest_route=\/wp\/v2\/posts\/29529","targetHints":{"allow":["GET"]}}],"collection":[{"href":"https:\/\/www.egemtv.com\/index.php?rest_route=\/wp\/v2\/posts"}],"about":[{"href":"https:\/\/www.egemtv.com\/index.php?rest_route=\/wp\/v2\/types\/post"}],"author":[{"embeddable":true,"href":"https:\/\/www.egemtv.com\/index.php?rest_route=\/wp\/v2\/users\/1"}],"replies":[{"embeddable":true,"href":"https:\/\/www.egemtv.com\/index.php?rest_route=%2Fwp%2Fv2%2Fcomments&post=29529"}],"version-history":[{"count":1,"href":"https:\/\/www.egemtv.com\/index.php?rest_route=\/wp\/v2\/posts\/29529\/revisions"}],"predecessor-version":[{"id":29531,"href":"https:\/\/www.egemtv.com\/index.php?rest_route=\/wp\/v2\/posts\/29529\/revisions\/29531"}],"wp:featuredmedia":[{"embeddable":true,"href":"https:\/\/www.egemtv.com\/index.php?rest_route=\/wp\/v2\/media\/29530"}],"wp:attachment":[{"href":"https:\/\/www.egemtv.com\/index.php?rest_route=%2Fwp%2Fv2%2Fmedia&parent=29529"}],"wp:term":[{"taxonomy":"category","embeddable":true,"href":"https:\/\/www.egemtv.com\/index.php?rest_route=%2Fwp%2Fv2%2Fcategories&post=29529"},{"taxonomy":"post_tag","embeddable":true,"href":"https:\/\/www.egemtv.com\/index.php?rest_route=%2Fwp%2Fv2%2Ftags&post=29529"}],"curies":[{"name":"wp","href":"https:\/\/api.w.org\/{rel}","templated":true}]}}