{"id":29526,"date":"2025-05-17T14:58:00","date_gmt":"2025-05-17T11:58:00","guid":{"rendered":"https:\/\/www.egemtv.com\/?p=29526"},"modified":"2025-05-17T14:58:06","modified_gmt":"2025-05-17T11:58:06","slug":"jandarmadan-75-yillik-evli-cifte-anlamli-ziyaret","status":"publish","type":"post","link":"https:\/\/www.egemtv.com\/?p=29526","title":{"rendered":"Jandarmadan 75 y\u0131ll\u0131k evli \u00e7ifte anlaml\u0131 ziyaret"},"content":{"rendered":"<p>Mu\u011fla \u0130l Jandarma Komutanl\u0131\u011f\u0131 Aile \u0130\u00e7i \u015eiddetle M\u00fccadele ve \u00c7ocuk \u015eube M\u00fcd\u00fcrl\u00fc\u011f\u00fc, Aile Y\u0131l\u0131 etkinlikleri kapsam\u0131nda Marmaris\u2019in S\u00f6\u011f\u00fct Mahallesi\u2019nde ya\u015fan ya\u015fl\u0131 \u00e7ifte anlaml\u0131 bir ziyaret ger\u00e7ekle\u015ftirdi.<br \/>\n<br \/>&#8220;Aile, Ge\u00e7mi\u015fin Temeli Gelece\u011fin Umududur&#8221; slogan\u0131yla yap\u0131lan ziyarette, 75 y\u0131ld\u0131r evli olan 95 ya\u015f\u0131ndaki Ramazan Sel\u00e7uk ve 93 ya\u015f\u0131ndaki \u00dclker Sel\u00e7uk \u00e7ifti evlerinde ziyaret edildi. Uzun y\u0131llard\u0131r s\u00fcren \u00f6rnek evlilikleri dolay\u0131s\u0131yla \u00e7ifte \u00e7i\u00e7ek takdim eden jandarma ekipleri, aile birli\u011finin \u00f6nemine dikkat \u00e7ekti.<br \/>\n<br \/>Yetkililer, bu t\u00fcr ziyaretlerin toplumda aile de\u011ferlerinin g\u00fc\u00e7lendirilmesi ve ku\u015faklar aras\u0131 ba\u011flar\u0131n korunmas\u0131 a\u00e7\u0131s\u0131ndan \u00f6nemli oldu\u011funu belirtti. Sel\u00e7uk \u00e7ifti ise ziyaretten duyduklar\u0131 memnuniyeti dile getirerek jandarma ekiplerine te\u015fekk\u00fcr etti.<br \/><\/p>\n","protected":false},"excerpt":{"rendered":"<p>Mu\u011fla \u0130l Jandarma Komutanl\u0131\u011f\u0131 Aile \u0130\u00e7i \u015eiddetle M\u00fccadele ve \u00c7ocuk \u015eube M\u00fcd\u00fcrl\u00fc\u011f\u00fc, Aile Y\u0131l\u0131 etkinlikleri kapsam\u0131nda Marmaris\u2019in S\u00f6\u011f\u00fct Mahallesi\u2019nde ya\u015fan ya\u015fl\u0131 \u00e7ifte anlaml\u0131 bir ziyaret ger\u00e7ekle\u015ftirdi. &#8220;Aile, Ge\u00e7mi\u015fin Temeli Gelece\u011fin Umududur&#8221; slogan\u0131yla yap\u0131lan ziyarette, 75 y\u0131ld\u0131r evli olan 95 ya\u015f\u0131ndaki Ramazan Sel\u00e7uk ve 93 ya\u015f\u0131ndaki \u00dclker Sel\u00e7uk \u00e7ifti evlerinde ziyaret edildi. Uzun y\u0131llard\u0131r s\u00fcren \u00f6rnek&#8230;<\/p>\n","protected":false},"author":1,"featured_media":29527,"comment_status":"open","ping_status":"open","sticky":false,"template":"","format":"standard","meta":{"_crdt_document":"","footnotes":""},"categories":[123],"tags":[],"class_list":["post-29526","post","type-post","status-publish","format-standard","has-post-thumbnail","hentry","category-gundem"],"_links":{"self":[{"href":"https:\/\/www.egemtv.com\/index.php?rest_route=\/wp\/v2\/posts\/29526","targetHints":{"allow":["GET"]}}],"collection":[{"href":"https:\/\/www.egemtv.com\/index.php?rest_route=\/wp\/v2\/posts"}],"about":[{"href":"https:\/\/www.egemtv.com\/index.php?rest_route=\/wp\/v2\/types\/post"}],"author":[{"embeddable":true,"href":"https:\/\/www.egemtv.com\/index.php?rest_route=\/wp\/v2\/users\/1"}],"replies":[{"embeddable":true,"href":"https:\/\/www.egemtv.com\/index.php?rest_route=%2Fwp%2Fv2%2Fcomments&post=29526"}],"version-history":[{"count":1,"href":"https:\/\/www.egemtv.com\/index.php?rest_route=\/wp\/v2\/posts\/29526\/revisions"}],"predecessor-version":[{"id":29528,"href":"https:\/\/www.egemtv.com\/index.php?rest_route=\/wp\/v2\/posts\/29526\/revisions\/29528"}],"wp:featuredmedia":[{"embeddable":true,"href":"https:\/\/www.egemtv.com\/index.php?rest_route=\/wp\/v2\/media\/29527"}],"wp:attachment":[{"href":"https:\/\/www.egemtv.com\/index.php?rest_route=%2Fwp%2Fv2%2Fmedia&parent=29526"}],"wp:term":[{"taxonomy":"category","embeddable":true,"href":"https:\/\/www.egemtv.com\/index.php?rest_route=%2Fwp%2Fv2%2Fcategories&post=29526"},{"taxonomy":"post_tag","embeddable":true,"href":"https:\/\/www.egemtv.com\/index.php?rest_route=%2Fwp%2Fv2%2Ftags&post=29526"}],"curies":[{"name":"wp","href":"https:\/\/api.w.org\/{rel}","templated":true}]}}