{"id":29523,"date":"2025-05-17T14:36:43","date_gmt":"2025-05-17T11:36:43","guid":{"rendered":"https:\/\/www.egemtv.com\/?p=29523"},"modified":"2025-05-17T14:36:48","modified_gmt":"2025-05-17T11:36:48","slug":"buharkentte-kusaklar-bulustu","status":"publish","type":"post","link":"https:\/\/www.egemtv.com\/?p=29523","title":{"rendered":"Buharkent\u2019te ku\u015faklar bulu\u015ftu"},"content":{"rendered":"<p>Ayd\u0131n\u2019\u0131n Buharkent il\u00e7esinde g\u00f6n\u00fcll\u00fc \u00fcniversite \u00f6\u011frencileri taraf\u0131ndan ger\u00e7ekle\u015ftirilen ilkokul \u00f6\u011frencilerine y\u00f6nelik \u2019Dede-Nine Torun \u015eenli\u011fi\u2019nde ku\u015faklar bulu\u015ftu.<br \/>\n<br \/>Buharkent Meslek Y\u00fcksekokulu (MYO) \u00f6\u011frencilerinden olu\u015fan Buharkent G\u00f6n\u00fcll\u00fcleri Ekibi, sosyal sorumluluk bilinciyle anlaml\u0131 bir projeye imza att\u0131. Buharkent \u0130l\u00e7e Kaymakaml\u0131\u011f\u0131 ve \u0130l\u00e7e Milli E\u011fitim M\u00fcd\u00fcrl\u00fc\u011f\u00fc\u2019n\u00fcn onay\u0131yla Kamilpa\u015fa \u0130lkokulu i\u015f birli\u011finde d\u00fczenlenen &#8220;Dede-Nine Torun \u015eenli\u011fi&#8221;, kat\u0131l\u0131mc\u0131lara duygu dolu ve keyifli anlar ya\u015fatt\u0131. Buharkent MYO \u00d6\u011fretim G\u00f6revlisi Tuba Top\u2019un \u00f6nc\u00fcl\u00fc\u011f\u00fcnde y\u00fcr\u00fct\u00fclen projede, yaln\u0131z ya\u015fayan ya\u015fl\u0131 bireylerle \u00e7ocuklar\u0131n bir araya getirilerek ku\u015faklar aras\u0131 etkile\u015fimin g\u00fc\u00e7lendirilmesi ama\u00e7land\u0131. Buharkent Belediyesi\u2019nin destek verdi\u011fi etkinlik hem g\u00f6n\u00fcllere dokundu hem de toplumda dayan\u0131\u015fma k\u00fclt\u00fcs\u00fcn\u00fc peki\u015ftirdi. \u015eenli\u011fe, Buharkent MYO\u2019nun idari personeli ve \u00f6\u011fretim elemanlar\u0131n\u0131n yan\u0131 s\u0131ra Kamilpa\u015fa \u0130lkokulu\u2019nun y\u00f6neticileri, \u00f6\u011fretmenleri, \u00f6\u011frencileri ve velileri de kat\u0131l\u0131m sa\u011flad\u0131. Etkinli\u011fe kat\u0131lan Buharkent Belediye Ba\u015fkan\u0131 Mehmet Erol ve \u0130l\u00e7e Milli E\u011fitim M\u00fcd\u00fcr\u00fc Cavit Akta\u015f, projenin \u00f6nemine vurgu yaparak, etkinli\u011fin gelenekselle\u015ftirilmesi temennisinde bulundu.<br \/>\n<br \/>\u015eenlik boyunca \u00e7ocuklar \u00e7e\u015fitli oyunlarla doyas\u0131ya e\u011flenirken, ya\u015fl\u0131 misafirler de onlara e\u015flik ederek an\u0131lar\u0131na yeni bir sayfa ekledi. Veliler taraf\u0131ndan haz\u0131rlanan ikraml\u0131klar kat\u0131l\u0131mc\u0131lar\u0131n be\u011fenisine sunuldu. Etkinlik, Buharkent G\u00f6n\u00fcll\u00fcleri Ekibi taraf\u0131ndan \u015fenli\u011fe kat\u0131lan dede ve ninelere hat\u0131ra \u00e7i\u00e7eklerinin takdim edilmesiyle sona erdi.<br \/><\/p>\n","protected":false},"excerpt":{"rendered":"<p>Ayd\u0131n\u2019\u0131n Buharkent il\u00e7esinde g\u00f6n\u00fcll\u00fc \u00fcniversite \u00f6\u011frencileri taraf\u0131ndan ger\u00e7ekle\u015ftirilen ilkokul \u00f6\u011frencilerine y\u00f6nelik \u2019Dede-Nine Torun \u015eenli\u011fi\u2019nde ku\u015faklar bulu\u015ftu. Buharkent Meslek Y\u00fcksekokulu (MYO) \u00f6\u011frencilerinden olu\u015fan Buharkent G\u00f6n\u00fcll\u00fcleri Ekibi, sosyal sorumluluk bilinciyle anlaml\u0131 bir projeye imza att\u0131. Buharkent \u0130l\u00e7e Kaymakaml\u0131\u011f\u0131 ve \u0130l\u00e7e Milli E\u011fitim M\u00fcd\u00fcrl\u00fc\u011f\u00fc\u2019n\u00fcn onay\u0131yla Kamilpa\u015fa \u0130lkokulu i\u015f birli\u011finde d\u00fczenlenen &#8220;Dede-Nine Torun \u015eenli\u011fi&#8221;, kat\u0131l\u0131mc\u0131lara duygu dolu ve keyifli&#8230;<\/p>\n","protected":false},"author":1,"featured_media":29524,"comment_status":"open","ping_status":"open","sticky":false,"template":"","format":"standard","meta":{"_crdt_document":"","footnotes":""},"categories":[1],"tags":[],"class_list":["post-29523","post","type-post","status-publish","format-standard","has-post-thumbnail","hentry","category-guncel"],"_links":{"self":[{"href":"https:\/\/www.egemtv.com\/index.php?rest_route=\/wp\/v2\/posts\/29523","targetHints":{"allow":["GET"]}}],"collection":[{"href":"https:\/\/www.egemtv.com\/index.php?rest_route=\/wp\/v2\/posts"}],"about":[{"href":"https:\/\/www.egemtv.com\/index.php?rest_route=\/wp\/v2\/types\/post"}],"author":[{"embeddable":true,"href":"https:\/\/www.egemtv.com\/index.php?rest_route=\/wp\/v2\/users\/1"}],"replies":[{"embeddable":true,"href":"https:\/\/www.egemtv.com\/index.php?rest_route=%2Fwp%2Fv2%2Fcomments&post=29523"}],"version-history":[{"count":1,"href":"https:\/\/www.egemtv.com\/index.php?rest_route=\/wp\/v2\/posts\/29523\/revisions"}],"predecessor-version":[{"id":29525,"href":"https:\/\/www.egemtv.com\/index.php?rest_route=\/wp\/v2\/posts\/29523\/revisions\/29525"}],"wp:featuredmedia":[{"embeddable":true,"href":"https:\/\/www.egemtv.com\/index.php?rest_route=\/wp\/v2\/media\/29524"}],"wp:attachment":[{"href":"https:\/\/www.egemtv.com\/index.php?rest_route=%2Fwp%2Fv2%2Fmedia&parent=29523"}],"wp:term":[{"taxonomy":"category","embeddable":true,"href":"https:\/\/www.egemtv.com\/index.php?rest_route=%2Fwp%2Fv2%2Fcategories&post=29523"},{"taxonomy":"post_tag","embeddable":true,"href":"https:\/\/www.egemtv.com\/index.php?rest_route=%2Fwp%2Fv2%2Ftags&post=29523"}],"curies":[{"name":"wp","href":"https:\/\/api.w.org\/{rel}","templated":true}]}}