{"id":29508,"date":"2025-05-17T13:56:08","date_gmt":"2025-05-17T10:56:08","guid":{"rendered":"https:\/\/www.egemtv.com\/?p=29508"},"modified":"2025-05-17T13:56:13","modified_gmt":"2025-05-17T10:56:13","slug":"ispartada-trafik-ve-asayis-uygulamalarinda-18-araca-ceza-kesildi","status":"publish","type":"post","link":"https:\/\/www.egemtv.com\/?p=29508","title":{"rendered":"Isparta\u2019da trafik ve asayi\u015f uygulamalar\u0131nda 18 araca ceza kesildi"},"content":{"rendered":"<p>Isparta\u2019da ak\u015fam saatlerinde ger\u00e7ekle\u015ftirilen trafik ve asayi\u015f uygulamas\u0131nda 186 ki\u015fi ve 95 ara\u00e7 denetlendi. Kurallara uymayan 18 ara\u00e7 ve s\u00fcr\u00fcc\u00fcs\u00fcne idari para cezas\u0131 uyguland\u0131.<br \/>\n<br \/>Isparta \u0130l Emniyet M\u00fcd\u00fcrl\u00fc\u011f\u00fc Asayi\u015f ve Trafik \u015eube M\u00fcd\u00fcrl\u00fc\u011f\u00fc ekipleri kamu d\u00fczeninin sa\u011flanmas\u0131, trafik g\u00fcvenli\u011finin art\u0131r\u0131lmas\u0131 ve su\u00e7 unsurlar\u0131n\u0131n tespiti amac\u0131yla d\u00fcn saat 21.00 ile 23.30 aras\u0131nda kapsaml\u0131 bir trafik ve asayi\u015f uygulamas\u0131 ger\u00e7ekle\u015ftirdi. Uygulama kapsam\u0131nda 186 \u015fah\u0131s ile 95 ara\u00e7 ve s\u00fcr\u00fcc\u00fcs\u00fc kontrol edildi. Denetimlerde \u00e7e\u015fitli trafik kural\u0131 ihlalleri tespit edilirken, 18 ara\u00e7 ve s\u00fcr\u00fcc\u00fcs\u00fcne idari para cezas\u0131 uyguland\u0131.<br \/><\/p>\n","protected":false},"excerpt":{"rendered":"<p>Isparta\u2019da ak\u015fam saatlerinde ger\u00e7ekle\u015ftirilen trafik ve asayi\u015f uygulamas\u0131nda 186 ki\u015fi ve 95 ara\u00e7 denetlendi. Kurallara uymayan 18 ara\u00e7 ve s\u00fcr\u00fcc\u00fcs\u00fcne idari para cezas\u0131 uyguland\u0131. Isparta \u0130l Emniyet M\u00fcd\u00fcrl\u00fc\u011f\u00fc Asayi\u015f ve Trafik \u015eube M\u00fcd\u00fcrl\u00fc\u011f\u00fc ekipleri kamu d\u00fczeninin sa\u011flanmas\u0131, trafik g\u00fcvenli\u011finin art\u0131r\u0131lmas\u0131 ve su\u00e7 unsurlar\u0131n\u0131n tespiti amac\u0131yla d\u00fcn saat 21.00 ile 23.30 aras\u0131nda kapsaml\u0131 bir trafik ve&#8230;<\/p>\n","protected":false},"author":1,"featured_media":29509,"comment_status":"open","ping_status":"open","sticky":false,"template":"","format":"standard","meta":{"_crdt_document":"","footnotes":""},"categories":[5],"tags":[],"class_list":["post-29508","post","type-post","status-publish","format-standard","has-post-thumbnail","hentry","category-asayis"],"_links":{"self":[{"href":"https:\/\/www.egemtv.com\/index.php?rest_route=\/wp\/v2\/posts\/29508","targetHints":{"allow":["GET"]}}],"collection":[{"href":"https:\/\/www.egemtv.com\/index.php?rest_route=\/wp\/v2\/posts"}],"about":[{"href":"https:\/\/www.egemtv.com\/index.php?rest_route=\/wp\/v2\/types\/post"}],"author":[{"embeddable":true,"href":"https:\/\/www.egemtv.com\/index.php?rest_route=\/wp\/v2\/users\/1"}],"replies":[{"embeddable":true,"href":"https:\/\/www.egemtv.com\/index.php?rest_route=%2Fwp%2Fv2%2Fcomments&post=29508"}],"version-history":[{"count":1,"href":"https:\/\/www.egemtv.com\/index.php?rest_route=\/wp\/v2\/posts\/29508\/revisions"}],"predecessor-version":[{"id":29510,"href":"https:\/\/www.egemtv.com\/index.php?rest_route=\/wp\/v2\/posts\/29508\/revisions\/29510"}],"wp:featuredmedia":[{"embeddable":true,"href":"https:\/\/www.egemtv.com\/index.php?rest_route=\/wp\/v2\/media\/29509"}],"wp:attachment":[{"href":"https:\/\/www.egemtv.com\/index.php?rest_route=%2Fwp%2Fv2%2Fmedia&parent=29508"}],"wp:term":[{"taxonomy":"category","embeddable":true,"href":"https:\/\/www.egemtv.com\/index.php?rest_route=%2Fwp%2Fv2%2Fcategories&post=29508"},{"taxonomy":"post_tag","embeddable":true,"href":"https:\/\/www.egemtv.com\/index.php?rest_route=%2Fwp%2Fv2%2Ftags&post=29508"}],"curies":[{"name":"wp","href":"https:\/\/api.w.org\/{rel}","templated":true}]}}