{"id":29502,"date":"2025-05-17T13:55:59","date_gmt":"2025-05-17T10:55:59","guid":{"rendered":"https:\/\/www.egemtv.com\/?p=29502"},"modified":"2025-05-17T13:56:02","modified_gmt":"2025-05-17T10:56:02","slug":"ispartada-bin-256-kullanimlik-sentetik-kannabinoid-ele-gecirildi","status":"publish","type":"post","link":"https:\/\/www.egemtv.com\/?p=29502","title":{"rendered":"Isparta\u2019da bin 256 kullan\u0131ml\u0131k sentetik kannabinoid ele ge\u00e7irildi"},"content":{"rendered":"<p>Isparta\u2019da d\u00fczenlenen uyu\u015fturucu operasyonunda bin 256 kullan\u0131ml\u0131k k\u00e2\u011f\u0131da emdirilmi\u015f sentetik kannabinoid ele ge\u00e7irildi. Operasyonda 1 \u015f\u00fcpheli &#8220;uyu\u015fturucu ticareti&#8221; su\u00e7undan g\u00f6zalt\u0131na al\u0131nd\u0131.<br \/>\n<br \/>Isparta il merkezinde d\u00fcn ger\u00e7ekle\u015ftirilen uyu\u015fturucu operasyonunda emniyet ekipleri ba\u015far\u0131l\u0131 bir operasyona imza att\u0131. Operasyon sonucu yap\u0131lan aramalarda toplamda bin 256 kullan\u0131ml\u0131k ka\u011f\u0131da emdirilmi\u015f sentetik kannabinoid maddesi ele ge\u00e7irildi. Olayla ilgili olarak 3 \u015f\u00fcpheli hakk\u0131nda &#8220;Uyu\u015fturucu veya Uyar\u0131c\u0131 Madde Kullanmak&#8221; su\u00e7undan adli i\u015flem yap\u0131l\u0131rken, 1 \u015f\u00fcpheli ise &#8220;Uyu\u015fturucu veya Uyar\u0131c\u0131 Madde Ticareti&#8221; su\u00e7undan g\u00f6zalt\u0131na al\u0131nd\u0131.<br \/><\/p>\n","protected":false},"excerpt":{"rendered":"<p>Isparta\u2019da d\u00fczenlenen uyu\u015fturucu operasyonunda bin 256 kullan\u0131ml\u0131k k\u00e2\u011f\u0131da emdirilmi\u015f sentetik kannabinoid ele ge\u00e7irildi. Operasyonda 1 \u015f\u00fcpheli &#8220;uyu\u015fturucu ticareti&#8221; su\u00e7undan g\u00f6zalt\u0131na al\u0131nd\u0131. Isparta il merkezinde d\u00fcn ger\u00e7ekle\u015ftirilen uyu\u015fturucu operasyonunda emniyet ekipleri ba\u015far\u0131l\u0131 bir operasyona imza att\u0131. Operasyon sonucu yap\u0131lan aramalarda toplamda bin 256 kullan\u0131ml\u0131k ka\u011f\u0131da emdirilmi\u015f sentetik kannabinoid maddesi ele ge\u00e7irildi. Olayla ilgili olarak 3 \u015f\u00fcpheli&#8230;<\/p>\n","protected":false},"author":1,"featured_media":29503,"comment_status":"open","ping_status":"open","sticky":false,"template":"","format":"standard","meta":{"_crdt_document":"","footnotes":""},"categories":[5],"tags":[],"class_list":["post-29502","post","type-post","status-publish","format-standard","has-post-thumbnail","hentry","category-asayis"],"_links":{"self":[{"href":"https:\/\/www.egemtv.com\/index.php?rest_route=\/wp\/v2\/posts\/29502","targetHints":{"allow":["GET"]}}],"collection":[{"href":"https:\/\/www.egemtv.com\/index.php?rest_route=\/wp\/v2\/posts"}],"about":[{"href":"https:\/\/www.egemtv.com\/index.php?rest_route=\/wp\/v2\/types\/post"}],"author":[{"embeddable":true,"href":"https:\/\/www.egemtv.com\/index.php?rest_route=\/wp\/v2\/users\/1"}],"replies":[{"embeddable":true,"href":"https:\/\/www.egemtv.com\/index.php?rest_route=%2Fwp%2Fv2%2Fcomments&post=29502"}],"version-history":[{"count":1,"href":"https:\/\/www.egemtv.com\/index.php?rest_route=\/wp\/v2\/posts\/29502\/revisions"}],"predecessor-version":[{"id":29504,"href":"https:\/\/www.egemtv.com\/index.php?rest_route=\/wp\/v2\/posts\/29502\/revisions\/29504"}],"wp:featuredmedia":[{"embeddable":true,"href":"https:\/\/www.egemtv.com\/index.php?rest_route=\/wp\/v2\/media\/29503"}],"wp:attachment":[{"href":"https:\/\/www.egemtv.com\/index.php?rest_route=%2Fwp%2Fv2%2Fmedia&parent=29502"}],"wp:term":[{"taxonomy":"category","embeddable":true,"href":"https:\/\/www.egemtv.com\/index.php?rest_route=%2Fwp%2Fv2%2Fcategories&post=29502"},{"taxonomy":"post_tag","embeddable":true,"href":"https:\/\/www.egemtv.com\/index.php?rest_route=%2Fwp%2Fv2%2Ftags&post=29502"}],"curies":[{"name":"wp","href":"https:\/\/api.w.org\/{rel}","templated":true}]}}