{"id":29499,"date":"2025-05-17T13:17:37","date_gmt":"2025-05-17T10:17:37","guid":{"rendered":"https:\/\/www.egemtv.com\/?p=29499"},"modified":"2025-05-17T13:17:42","modified_gmt":"2025-05-17T10:17:42","slug":"muglanin-sessiz-guzelligi","status":"publish","type":"post","link":"https:\/\/www.egemtv.com\/?p=29499","title":{"rendered":"Mu\u011fla\u2019n\u0131n sessiz g\u00fczelli\u011fi"},"content":{"rendered":"<p>Mu\u011fla\u2019n\u0131n Mente\u015fe il\u00e7esine ba\u011fl\u0131 Dokuz\u00e7am Mahallesi\u2019nde bo\u015f b\u0131rak\u0131lan bir tarlay\u0131 tamamen gelincikler kaplad\u0131, g\u00f6renler tablo gibi olan tarlaya hayranl\u0131kla bakt\u0131lar.<br \/>\n<br \/>T\u00fcrkiye\u2019de turizmden \u00fcretime kadar bir\u00e7ok alanda \u00f6n plana \u00e7\u0131kan \u015fehirlerinden Mu\u011fla\u2019da baharla birlikte do\u011fa canland\u0131. Mente\u015fe il\u00e7esine ba\u011fl\u0131 Dokuz\u00e7am Mahallesi\u2019nde de ge\u00e7en y\u0131l ekilen bu sene ise nadasa b\u0131rak\u0131lan yakla\u015f\u0131k 1 d\u00f6n\u00fcml\u00fck bir tarlada gelincikler \u00e7\u0131kt\u0131. T\u00fcm tarlay\u0131 kaplayan gelincikler izlemesi keyif veren g\u00f6r\u00fcnt\u00fcler olu\u015fturdu. Tarlan\u0131n Dokuz\u00e7am Mahalle merkezinde bir noktada olmas\u0131, \u00e7evreyi gezmeye gelenlerin de dikkatini \u00e7ekti.<br \/><\/p>\n","protected":false},"excerpt":{"rendered":"<p>Mu\u011fla\u2019n\u0131n Mente\u015fe il\u00e7esine ba\u011fl\u0131 Dokuz\u00e7am Mahallesi\u2019nde bo\u015f b\u0131rak\u0131lan bir tarlay\u0131 tamamen gelincikler kaplad\u0131, g\u00f6renler tablo gibi olan tarlaya hayranl\u0131kla bakt\u0131lar. T\u00fcrkiye\u2019de turizmden \u00fcretime kadar bir\u00e7ok alanda \u00f6n plana \u00e7\u0131kan \u015fehirlerinden Mu\u011fla\u2019da baharla birlikte do\u011fa canland\u0131. Mente\u015fe il\u00e7esine ba\u011fl\u0131 Dokuz\u00e7am Mahallesi\u2019nde de ge\u00e7en y\u0131l ekilen bu sene ise nadasa b\u0131rak\u0131lan yakla\u015f\u0131k 1 d\u00f6n\u00fcml\u00fck bir tarlada gelincikler&#8230;<\/p>\n","protected":false},"author":1,"featured_media":29500,"comment_status":"open","ping_status":"open","sticky":false,"template":"","format":"standard","meta":{"_crdt_document":"","footnotes":""},"categories":[1],"tags":[],"class_list":["post-29499","post","type-post","status-publish","format-standard","has-post-thumbnail","hentry","category-guncel"],"_links":{"self":[{"href":"https:\/\/www.egemtv.com\/index.php?rest_route=\/wp\/v2\/posts\/29499","targetHints":{"allow":["GET"]}}],"collection":[{"href":"https:\/\/www.egemtv.com\/index.php?rest_route=\/wp\/v2\/posts"}],"about":[{"href":"https:\/\/www.egemtv.com\/index.php?rest_route=\/wp\/v2\/types\/post"}],"author":[{"embeddable":true,"href":"https:\/\/www.egemtv.com\/index.php?rest_route=\/wp\/v2\/users\/1"}],"replies":[{"embeddable":true,"href":"https:\/\/www.egemtv.com\/index.php?rest_route=%2Fwp%2Fv2%2Fcomments&post=29499"}],"version-history":[{"count":1,"href":"https:\/\/www.egemtv.com\/index.php?rest_route=\/wp\/v2\/posts\/29499\/revisions"}],"predecessor-version":[{"id":29501,"href":"https:\/\/www.egemtv.com\/index.php?rest_route=\/wp\/v2\/posts\/29499\/revisions\/29501"}],"wp:featuredmedia":[{"embeddable":true,"href":"https:\/\/www.egemtv.com\/index.php?rest_route=\/wp\/v2\/media\/29500"}],"wp:attachment":[{"href":"https:\/\/www.egemtv.com\/index.php?rest_route=%2Fwp%2Fv2%2Fmedia&parent=29499"}],"wp:term":[{"taxonomy":"category","embeddable":true,"href":"https:\/\/www.egemtv.com\/index.php?rest_route=%2Fwp%2Fv2%2Fcategories&post=29499"},{"taxonomy":"post_tag","embeddable":true,"href":"https:\/\/www.egemtv.com\/index.php?rest_route=%2Fwp%2Fv2%2Ftags&post=29499"}],"curies":[{"name":"wp","href":"https:\/\/api.w.org\/{rel}","templated":true}]}}