{"id":29496,"date":"2025-05-17T13:17:32","date_gmt":"2025-05-17T10:17:32","guid":{"rendered":"https:\/\/www.egemtv.com\/?p=29496"},"modified":"2025-05-17T13:17:37","modified_gmt":"2025-05-17T10:17:37","slug":"bakanlik-pamukkaledeki-tadilat-krizini-cozdu","status":"publish","type":"post","link":"https:\/\/www.egemtv.com\/?p=29496","title":{"rendered":"Bakanl\u0131k Pamukkale\u2019deki tadilat krizini \u00e7\u00f6zd\u00fc"},"content":{"rendered":"<p>DEN\u0130ZL\u0130 (\u0130HA) \u2013 Denizli\u2019de her y\u0131l milyonlarca turistin ziyaret etti\u011fi Pamukkale \u00d6renyeri ve Hierapolis Antik Kenti g\u00fcney kap\u0131s\u0131nda yap\u0131lmas\u0131 planlanan ancak ba\u015flayan turizm sezonunu olumsuz etkilemesinden endi\u015fe edilen tadilat krizi Bakanl\u0131k taraf\u0131ndan \u00e7\u00f6z\u00fcld\u00fc.<\/p>\n<p>Pamukkale \u00d6renyeri ve Hierapolis Antik Kenti g\u00fcney kap\u0131s\u0131n\u0131n kapat\u0131lmas\u0131 ve antik havuzun yap\u0131m s\u00fcresi ile ilgili olarak yap\u0131lmas\u0131 planlanan tadilatlar, sezonun ba\u015flad\u0131\u011f\u0131 g\u00fcnlerde turizmcileri endi\u015felendirdi. Ya\u015fanabilecek olumsuzluklar\u0131n dile getirmesinin ard\u0131ndan K\u00fclt\u00fcr ve Turizm Bakan Yard\u0131mc\u0131s\u0131 G\u00f6khan Yazg\u0131 ile K\u00fclt\u00fcr Varl\u0131klar\u0131 ve M\u00fczeler Genel M\u00fcd\u00fcr\u00fc Birol \u0130ncecik\u00f6z, Denizli\u2019ye gelerek, sekt\u00f6r temsilleriyle birlikte yerinde inceleme yapt\u0131.<\/p>\n<p>Yerinde yap\u0131lan incelemeler sonucunda, Pamukkale \u00d6ren Yeri g\u00fcney kap\u0131s\u0131n\u0131n turizm sezonu boyunca kapat\u0131lmadan tadilat \u00e7al\u0131\u015fmalar\u0131n\u0131n s\u00fcrd\u00fcr\u00fclmesine karar verildi. Ayr\u0131ca Hierapolis Antik Kenti\u2019nde bulunan 2 bin 800 y\u0131ll\u0131k Kleopatra antik havuzundaki yap\u0131m \u00e7al\u0131\u015fmalar\u0131n\u0131n yo\u011fun \u00e7al\u0131\u015fma yap\u0131larak 15 Temmuz\u2019a kadar bitirilece\u011fi ve ziyaretlere a\u00e7\u0131laca\u011f\u0131 kaydedildi.<\/p>\n<p>Antik havuzun a\u00e7\u0131lmas\u0131n\u0131n ard\u0131ndan 1 May\u0131s\u2019ta tekrar ba\u015flayan gece m\u00fczecili\u011finde, Pamukkale \u00d6renyerinin ayr\u0131 bir cazibe noktas\u0131 olaca\u011f\u0131 kaydedildi.<br \/><\/p>\n","protected":false},"excerpt":{"rendered":"<p>DEN\u0130ZL\u0130 (\u0130HA) \u2013 Denizli\u2019de her y\u0131l milyonlarca turistin ziyaret etti\u011fi Pamukkale \u00d6renyeri ve Hierapolis Antik Kenti g\u00fcney kap\u0131s\u0131nda yap\u0131lmas\u0131 planlanan ancak ba\u015flayan turizm sezonunu olumsuz etkilemesinden endi\u015fe edilen tadilat krizi Bakanl\u0131k taraf\u0131ndan \u00e7\u00f6z\u00fcld\u00fc. Pamukkale \u00d6renyeri ve Hierapolis Antik Kenti g\u00fcney kap\u0131s\u0131n\u0131n kapat\u0131lmas\u0131 ve antik havuzun yap\u0131m s\u00fcresi ile ilgili olarak yap\u0131lmas\u0131 planlanan tadilatlar, sezonun ba\u015flad\u0131\u011f\u0131&#8230;<\/p>\n","protected":false},"author":1,"featured_media":29497,"comment_status":"open","ping_status":"open","sticky":false,"template":"","format":"standard","meta":{"_crdt_document":"","footnotes":""},"categories":[1],"tags":[],"class_list":["post-29496","post","type-post","status-publish","format-standard","has-post-thumbnail","hentry","category-guncel"],"_links":{"self":[{"href":"https:\/\/www.egemtv.com\/index.php?rest_route=\/wp\/v2\/posts\/29496","targetHints":{"allow":["GET"]}}],"collection":[{"href":"https:\/\/www.egemtv.com\/index.php?rest_route=\/wp\/v2\/posts"}],"about":[{"href":"https:\/\/www.egemtv.com\/index.php?rest_route=\/wp\/v2\/types\/post"}],"author":[{"embeddable":true,"href":"https:\/\/www.egemtv.com\/index.php?rest_route=\/wp\/v2\/users\/1"}],"replies":[{"embeddable":true,"href":"https:\/\/www.egemtv.com\/index.php?rest_route=%2Fwp%2Fv2%2Fcomments&post=29496"}],"version-history":[{"count":1,"href":"https:\/\/www.egemtv.com\/index.php?rest_route=\/wp\/v2\/posts\/29496\/revisions"}],"predecessor-version":[{"id":29498,"href":"https:\/\/www.egemtv.com\/index.php?rest_route=\/wp\/v2\/posts\/29496\/revisions\/29498"}],"wp:featuredmedia":[{"embeddable":true,"href":"https:\/\/www.egemtv.com\/index.php?rest_route=\/wp\/v2\/media\/29497"}],"wp:attachment":[{"href":"https:\/\/www.egemtv.com\/index.php?rest_route=%2Fwp%2Fv2%2Fmedia&parent=29496"}],"wp:term":[{"taxonomy":"category","embeddable":true,"href":"https:\/\/www.egemtv.com\/index.php?rest_route=%2Fwp%2Fv2%2Fcategories&post=29496"},{"taxonomy":"post_tag","embeddable":true,"href":"https:\/\/www.egemtv.com\/index.php?rest_route=%2Fwp%2Fv2%2Ftags&post=29496"}],"curies":[{"name":"wp","href":"https:\/\/api.w.org\/{rel}","templated":true}]}}