{"id":29490,"date":"2025-05-17T12:56:32","date_gmt":"2025-05-17T09:56:32","guid":{"rendered":"https:\/\/www.egemtv.com\/?p=29490"},"modified":"2025-05-17T12:56:38","modified_gmt":"2025-05-17T09:56:38","slug":"civrilde-otluk-alanda-yangin-cikti","status":"publish","type":"post","link":"https:\/\/www.egemtv.com\/?p=29490","title":{"rendered":"\u00c7ivril\u2019de otluk alanda yang\u0131n \u00e7\u0131kt\u0131"},"content":{"rendered":"<p>Denizli\u2019nin \u00c7ivril il\u00e7esinde otluk alanda yang\u0131n \u00e7\u0131kt\u0131. Yang\u0131n\u0131 kontrol alt\u0131na alma \u00e7abalar\u0131 devam ediyor.<\/p>\n<p>Denizli\u2019nin \u00c7ivril il\u00e7esi Irg\u0131ll\u0131 Mahallesinde, otluk alanda \u00f6\u011fle saatlerinde hen\u00fcz bilinmeyen bir sebeple yang\u0131n \u00e7\u0131kt\u0131. Dumanlar\u0131n y\u00fckseldi\u011fini g\u00f6ren vatanda\u015flar\u0131n ihbar\u0131 \u00fczerine olay yerine ekipler sevk edildi. Yang\u0131n\u0131 s\u00f6nd\u00fcrmek i\u00e7in \u00c7ivril ve \u00c7al il\u00e7elerinden ekipler sevk edildi. Yang\u0131na kontrol alt\u0131na almak i\u00e7in \u00c7ivril Orman \u0130\u015fletme \u015eefli\u011finden 1 araz\u00f6z, \u00c7al Orman \u0130\u015fletme M\u00fcd\u00fcrl\u00fc\u011f\u00fcnde 1 araz\u00f6z, 1 kep\u00e7e, 1 greydar olmak \u00fczere toplamda 10 personel sevk edildi.<\/p>\n<p>Yang\u0131n\u0131 kontrol alt\u0131na alma \u00e7abalar\u0131 devam ediyor.<br \/><\/p>\n","protected":false},"excerpt":{"rendered":"<p>Denizli\u2019nin \u00c7ivril il\u00e7esinde otluk alanda yang\u0131n \u00e7\u0131kt\u0131. Yang\u0131n\u0131 kontrol alt\u0131na alma \u00e7abalar\u0131 devam ediyor. Denizli\u2019nin \u00c7ivril il\u00e7esi Irg\u0131ll\u0131 Mahallesinde, otluk alanda \u00f6\u011fle saatlerinde hen\u00fcz bilinmeyen bir sebeple yang\u0131n \u00e7\u0131kt\u0131. Dumanlar\u0131n y\u00fckseldi\u011fini g\u00f6ren vatanda\u015flar\u0131n ihbar\u0131 \u00fczerine olay yerine ekipler sevk edildi. Yang\u0131n\u0131 s\u00f6nd\u00fcrmek i\u00e7in \u00c7ivril ve \u00c7al il\u00e7elerinden ekipler sevk edildi. Yang\u0131na kontrol alt\u0131na almak i\u00e7in&#8230;<\/p>\n","protected":false},"author":1,"featured_media":29491,"comment_status":"open","ping_status":"open","sticky":false,"template":"","format":"standard","meta":{"_crdt_document":"","footnotes":""},"categories":[5],"tags":[],"class_list":["post-29490","post","type-post","status-publish","format-standard","has-post-thumbnail","hentry","category-asayis"],"_links":{"self":[{"href":"https:\/\/www.egemtv.com\/index.php?rest_route=\/wp\/v2\/posts\/29490","targetHints":{"allow":["GET"]}}],"collection":[{"href":"https:\/\/www.egemtv.com\/index.php?rest_route=\/wp\/v2\/posts"}],"about":[{"href":"https:\/\/www.egemtv.com\/index.php?rest_route=\/wp\/v2\/types\/post"}],"author":[{"embeddable":true,"href":"https:\/\/www.egemtv.com\/index.php?rest_route=\/wp\/v2\/users\/1"}],"replies":[{"embeddable":true,"href":"https:\/\/www.egemtv.com\/index.php?rest_route=%2Fwp%2Fv2%2Fcomments&post=29490"}],"version-history":[{"count":1,"href":"https:\/\/www.egemtv.com\/index.php?rest_route=\/wp\/v2\/posts\/29490\/revisions"}],"predecessor-version":[{"id":29492,"href":"https:\/\/www.egemtv.com\/index.php?rest_route=\/wp\/v2\/posts\/29490\/revisions\/29492"}],"wp:featuredmedia":[{"embeddable":true,"href":"https:\/\/www.egemtv.com\/index.php?rest_route=\/wp\/v2\/media\/29491"}],"wp:attachment":[{"href":"https:\/\/www.egemtv.com\/index.php?rest_route=%2Fwp%2Fv2%2Fmedia&parent=29490"}],"wp:term":[{"taxonomy":"category","embeddable":true,"href":"https:\/\/www.egemtv.com\/index.php?rest_route=%2Fwp%2Fv2%2Fcategories&post=29490"},{"taxonomy":"post_tag","embeddable":true,"href":"https:\/\/www.egemtv.com\/index.php?rest_route=%2Fwp%2Fv2%2Ftags&post=29490"}],"curies":[{"name":"wp","href":"https:\/\/api.w.org\/{rel}","templated":true}]}}