{"id":29487,"date":"2025-05-17T12:36:58","date_gmt":"2025-05-17T09:36:58","guid":{"rendered":"https:\/\/www.egemtv.com\/?p=29487"},"modified":"2025-05-17T12:37:04","modified_gmt":"2025-05-17T09:37:04","slug":"baskan-kasapoglu-19-mayis-bir-donum-noktasidir","status":"publish","type":"post","link":"https:\/\/www.egemtv.com\/?p=29487","title":{"rendered":"Ba\u015fkan Kasapo\u011flu, &#8220;19 May\u0131s bir d\u00f6n\u00fcm noktas\u0131d\u0131r&#8221;"},"content":{"rendered":"<p>Denizli Sanayi Odas\u0131 Y\u00f6netim Kurulu Ba\u015fkan\u0131 Selim Kasapo\u011flu, 19 May\u0131s 1919 Atat\u00fcrk\u2019\u00fc Anma Gen\u00e7lik ve Spor Bayram\u0131 nedeniyle yaz\u0131l\u0131 bir mesaj yay\u0131mlad\u0131. Ba\u015fkan Kasapo\u011flu mesaj\u0131nda, &#8220;Bu tarihi g\u00fcn, gen\u00e7lerimizin omuzlar\u0131ndaki sorumlulu\u011fu ve gelece\u011fe dair umutlar\u0131n\u0131 g\u00fc\u00e7lendirmektedir&#8221; dedi.<\/p>\n<p>Denizli Sanayi Odas\u0131 Y\u00f6netim Kurulu Ba\u015fkan\u0131 Selim Kasapo\u011flu, 19 May\u0131s 1919 Atat\u00fcrk\u2019\u00fc Anma Gen\u00e7lik ve Spor Bayram\u0131 nedeniyle yaz\u0131l\u0131 bir mesaj yay\u0131mlad\u0131. Ba\u015fkan Kasapo\u011flu, T\u00fcrkiye Cumhuriyeti\u2019nin kurulu\u015funa giden yolda at\u0131lan ilk ve en anlaml\u0131 ad\u0131m\u0131n,  Gazi Mustafa Kemal Atat\u00fcrk\u2019\u00fcn Samsun\u2019a ayak bas\u0131\u015f\u0131n\u0131n 106. y\u0131l d\u00f6n\u00fcm\u00fcn\u00fc b\u00fcy\u00fck bir co\u015fku ve gururla kutluklar\u0131n\u0131 ifade etti.<\/p>\n<p>S\u00f6zlerini devam eden Ba\u015fkan Kasapo\u011flu, &#8220;19 May\u0131s 1919, sadece bir ba\u015flang\u0131\u00e7 de\u011fil, ayn\u0131 zamanda T\u00fcrk milletinin ba\u011f\u0131ms\u0131zl\u0131k ve \u00f6zg\u00fcrl\u00fck iradesinin t\u00fcm d\u00fcnyaya ilan edildi\u011fi bir d\u00f6n\u00fcm noktas\u0131d\u0131r. Bu tarihi g\u00fcn, gen\u00e7lerimizin omuzlar\u0131ndaki sorumlulu\u011fu ve gelece\u011fe dair umutlar\u0131n\u0131 g\u00fc\u00e7lendirmektedir. Gen\u00e7lerimiz, bilimde, sanatta, sporda kazand\u0131klar\u0131 ba\u015far\u0131larla, T\u00fcrkiye\u2019nin yar\u0131nlar\u0131n\u0131 \u015fekillendirecek en b\u00fcy\u00fck g\u00fcc\u00fcm\u00fczd\u00fcr. Bu vatan\u0131 daha da ileriye ta\u015f\u0131ma, \u00e7a\u011fda\u015f medeniyetler seviyesine ula\u015ft\u0131rma g\u00f6revi gen\u00e7lerimizin omuzlar\u0131ndad\u0131r. Bizler, gen\u00e7lerimizin potansiyelinize inan\u0131yoruz ve hayallerinin pe\u015finden gitmeleri i\u00e7in her zaman yanlar\u0131nday\u0131z. Bu vesileyle, ba\u015fta Gazi Mustafa Kemal Atat\u00fcrk olmak \u00fczere, Kurtulu\u015f Sava\u015f\u0131\u2019n\u0131n kahramanlar\u0131n\u0131 ve t\u00fcm \u015fehitlerimizi rahmet ve minnetle an\u0131yoruz. Gen\u00e7lerimizin 19 May\u0131s Atat\u00fcrk\u2019\u00fc Anma, Gen\u00e7lik ve Spor Bayram\u0131\u2019n\u0131 kutluyor, \u00fclkemizin ayd\u0131nl\u0131k gelece\u011fine olan inanc\u0131m\u0131z\u0131 bir kez daha yineliyoruz&#8221; dedi.<br \/><\/p>\n","protected":false},"excerpt":{"rendered":"<p>Denizli Sanayi Odas\u0131 Y\u00f6netim Kurulu Ba\u015fkan\u0131 Selim Kasapo\u011flu, 19 May\u0131s 1919 Atat\u00fcrk\u2019\u00fc Anma Gen\u00e7lik ve Spor Bayram\u0131 nedeniyle yaz\u0131l\u0131 bir mesaj yay\u0131mlad\u0131. Ba\u015fkan Kasapo\u011flu mesaj\u0131nda, &#8220;Bu tarihi g\u00fcn, gen\u00e7lerimizin omuzlar\u0131ndaki sorumlulu\u011fu ve gelece\u011fe dair umutlar\u0131n\u0131 g\u00fc\u00e7lendirmektedir&#8221; dedi. Denizli Sanayi Odas\u0131 Y\u00f6netim Kurulu Ba\u015fkan\u0131 Selim Kasapo\u011flu, 19 May\u0131s 1919 Atat\u00fcrk\u2019\u00fc Anma Gen\u00e7lik ve Spor Bayram\u0131 nedeniyle&#8230;<\/p>\n","protected":false},"author":1,"featured_media":29488,"comment_status":"open","ping_status":"open","sticky":false,"template":"","format":"standard","meta":{"_crdt_document":"","footnotes":""},"categories":[123],"tags":[],"class_list":["post-29487","post","type-post","status-publish","format-standard","has-post-thumbnail","hentry","category-gundem"],"_links":{"self":[{"href":"https:\/\/www.egemtv.com\/index.php?rest_route=\/wp\/v2\/posts\/29487","targetHints":{"allow":["GET"]}}],"collection":[{"href":"https:\/\/www.egemtv.com\/index.php?rest_route=\/wp\/v2\/posts"}],"about":[{"href":"https:\/\/www.egemtv.com\/index.php?rest_route=\/wp\/v2\/types\/post"}],"author":[{"embeddable":true,"href":"https:\/\/www.egemtv.com\/index.php?rest_route=\/wp\/v2\/users\/1"}],"replies":[{"embeddable":true,"href":"https:\/\/www.egemtv.com\/index.php?rest_route=%2Fwp%2Fv2%2Fcomments&post=29487"}],"version-history":[{"count":1,"href":"https:\/\/www.egemtv.com\/index.php?rest_route=\/wp\/v2\/posts\/29487\/revisions"}],"predecessor-version":[{"id":29489,"href":"https:\/\/www.egemtv.com\/index.php?rest_route=\/wp\/v2\/posts\/29487\/revisions\/29489"}],"wp:featuredmedia":[{"embeddable":true,"href":"https:\/\/www.egemtv.com\/index.php?rest_route=\/wp\/v2\/media\/29488"}],"wp:attachment":[{"href":"https:\/\/www.egemtv.com\/index.php?rest_route=%2Fwp%2Fv2%2Fmedia&parent=29487"}],"wp:term":[{"taxonomy":"category","embeddable":true,"href":"https:\/\/www.egemtv.com\/index.php?rest_route=%2Fwp%2Fv2%2Fcategories&post=29487"},{"taxonomy":"post_tag","embeddable":true,"href":"https:\/\/www.egemtv.com\/index.php?rest_route=%2Fwp%2Fv2%2Ftags&post=29487"}],"curies":[{"name":"wp","href":"https:\/\/api.w.org\/{rel}","templated":true}]}}