{"id":29484,"date":"2025-05-17T12:36:51","date_gmt":"2025-05-17T09:36:51","guid":{"rendered":"https:\/\/www.egemtv.com\/?p=29484"},"modified":"2025-05-17T12:36:57","modified_gmt":"2025-05-17T09:36:57","slug":"muglada-aile-yili-yurusu-gerceklestirildi","status":"publish","type":"post","link":"https:\/\/www.egemtv.com\/?p=29484","title":{"rendered":"Mu\u011fla\u2019da \u2019Aile Y\u0131l\u0131\u2019 y\u00fcr\u00fc\u015f\u00fc ger\u00e7ekle\u015ftirildi"},"content":{"rendered":"<p>2025 y\u0131l\u0131n\u0131n Aile Y\u0131l\u0131 olarak ilan edilmesi dolay\u0131s\u0131yla, toplumda fark\u0131ndal\u0131k olu\u015fturmak amac\u0131yla Mu\u011fla \u0130l Milli E\u011fitim M\u00fcd\u00fcrl\u00fc\u011f\u00fc \u00f6nc\u00fcl\u00fc\u011f\u00fcnde bir y\u00fcr\u00fcy\u00fc\u015f etkinli\u011fi d\u00fczenlendi. Etkinli\u011fe \u00f6\u011frenciler ve aileleri yo\u011fun kat\u0131l\u0131m g\u00f6sterdi.<\/p>\n<p>Sa\u011fl\u0131kl\u0131 ya\u015fam k\u00fclt\u00fcr\u00fcn\u00fcn yayg\u0131nla\u015ft\u0131r\u0131lmas\u0131, aile ba\u011flar\u0131n\u0131n g\u00fc\u00e7lendirilmesi ve hareketli ya\u015fam al\u0131\u015fkanl\u0131klar\u0131n\u0131n kazand\u0131r\u0131lmas\u0131 hedefiyle d\u00fczenlenen y\u00fcr\u00fcy\u00fc\u015fte, her ya\u015ftan kat\u0131l\u0131mc\u0131 ayn\u0131 ama\u00e7 do\u011frultusunda bir araya geldi. Y\u00fcr\u00fcy\u00fc\u015f boyunca kat\u0131l\u0131mc\u0131lara sa\u011fl\u0131kl\u0131 ya\u015fam, fiziksel aktivite ve aile i\u00e7i ileti\u015fim gibi konularda bilgilendirme yap\u0131l\u0131rken, etkinlik renkli g\u00f6r\u00fcnt\u00fclere ve y\u00fcksek bir motivasyona sahne oldu. Etkinli\u011fin sonunda g\u00fcn\u00fcn anlam ve \u00f6nemine vurgu yap\u0131lan k\u0131sa bir konu\u015fma yap\u0131ld\u0131 ve kat\u0131l\u0131mc\u0131lara te\u015fekk\u00fcr edildi. Toplumun temel yap\u0131 ta\u015f\u0131 olan ailenin \u00f6nemine dikkat \u00e7ekilen bu fark\u0131ndal\u0131k y\u00fcr\u00fcy\u00fc\u015f\u00fc, ayn\u0131 zamanda ailece vakit ge\u00e7irmenin, birlikte hareket etmenin ve dayan\u0131\u015fma i\u00e7inde olman\u0131n \u00f6nemine dikkat \u00e7ekti.<br \/><\/p>\n","protected":false},"excerpt":{"rendered":"<p>2025 y\u0131l\u0131n\u0131n Aile Y\u0131l\u0131 olarak ilan edilmesi dolay\u0131s\u0131yla, toplumda fark\u0131ndal\u0131k olu\u015fturmak amac\u0131yla Mu\u011fla \u0130l Milli E\u011fitim M\u00fcd\u00fcrl\u00fc\u011f\u00fc \u00f6nc\u00fcl\u00fc\u011f\u00fcnde bir y\u00fcr\u00fcy\u00fc\u015f etkinli\u011fi d\u00fczenlendi. Etkinli\u011fe \u00f6\u011frenciler ve aileleri yo\u011fun kat\u0131l\u0131m g\u00f6sterdi. Sa\u011fl\u0131kl\u0131 ya\u015fam k\u00fclt\u00fcr\u00fcn\u00fcn yayg\u0131nla\u015ft\u0131r\u0131lmas\u0131, aile ba\u011flar\u0131n\u0131n g\u00fc\u00e7lendirilmesi ve hareketli ya\u015fam al\u0131\u015fkanl\u0131klar\u0131n\u0131n kazand\u0131r\u0131lmas\u0131 hedefiyle d\u00fczenlenen y\u00fcr\u00fcy\u00fc\u015fte, her ya\u015ftan kat\u0131l\u0131mc\u0131 ayn\u0131 ama\u00e7 do\u011frultusunda bir araya geldi. Y\u00fcr\u00fcy\u00fc\u015f boyunca&#8230;<\/p>\n","protected":false},"author":1,"featured_media":29485,"comment_status":"open","ping_status":"open","sticky":false,"template":"","format":"standard","meta":{"_crdt_document":"","footnotes":""},"categories":[1],"tags":[],"class_list":["post-29484","post","type-post","status-publish","format-standard","has-post-thumbnail","hentry","category-guncel"],"_links":{"self":[{"href":"https:\/\/www.egemtv.com\/index.php?rest_route=\/wp\/v2\/posts\/29484","targetHints":{"allow":["GET"]}}],"collection":[{"href":"https:\/\/www.egemtv.com\/index.php?rest_route=\/wp\/v2\/posts"}],"about":[{"href":"https:\/\/www.egemtv.com\/index.php?rest_route=\/wp\/v2\/types\/post"}],"author":[{"embeddable":true,"href":"https:\/\/www.egemtv.com\/index.php?rest_route=\/wp\/v2\/users\/1"}],"replies":[{"embeddable":true,"href":"https:\/\/www.egemtv.com\/index.php?rest_route=%2Fwp%2Fv2%2Fcomments&post=29484"}],"version-history":[{"count":1,"href":"https:\/\/www.egemtv.com\/index.php?rest_route=\/wp\/v2\/posts\/29484\/revisions"}],"predecessor-version":[{"id":29486,"href":"https:\/\/www.egemtv.com\/index.php?rest_route=\/wp\/v2\/posts\/29484\/revisions\/29486"}],"wp:featuredmedia":[{"embeddable":true,"href":"https:\/\/www.egemtv.com\/index.php?rest_route=\/wp\/v2\/media\/29485"}],"wp:attachment":[{"href":"https:\/\/www.egemtv.com\/index.php?rest_route=%2Fwp%2Fv2%2Fmedia&parent=29484"}],"wp:term":[{"taxonomy":"category","embeddable":true,"href":"https:\/\/www.egemtv.com\/index.php?rest_route=%2Fwp%2Fv2%2Fcategories&post=29484"},{"taxonomy":"post_tag","embeddable":true,"href":"https:\/\/www.egemtv.com\/index.php?rest_route=%2Fwp%2Fv2%2Ftags&post=29484"}],"curies":[{"name":"wp","href":"https:\/\/api.w.org\/{rel}","templated":true}]}}