{"id":29481,"date":"2025-05-17T12:36:46","date_gmt":"2025-05-17T09:36:46","guid":{"rendered":"https:\/\/www.egemtv.com\/?p=29481"},"modified":"2025-05-17T12:36:51","modified_gmt":"2025-05-17T09:36:51","slug":"milasta-trafik-ihlalleri-kameralara-boyle-yansidi","status":"publish","type":"post","link":"https:\/\/www.egemtv.com\/?p=29481","title":{"rendered":"Milas\u2019ta trafik ihlalleri kameralara b\u00f6yle yans\u0131d\u0131"},"content":{"rendered":"<p>Mu\u011fla\u2019n\u0131n Milas il\u00e7esinde seyir halinde trafik kurallar\u0131n\u0131 yok sayan ve ihlal yapan s\u00fcr\u00fcc\u00fcler, ara\u00e7 kamerlar\u0131na yans\u0131d\u0131.<br \/>\n<br \/>Milas il\u00e7e genelinde a\u011f\u0131r vas\u0131ta kamyonlar, t\u0131rlar\u0131n karayolunda tehlikeli bir \u015fekilde g\u00fcvenlik \u015feridini kullanmalar\u0131, baz\u0131 ara\u00e7lar\u0131n da ters y\u00f6nden ilerlemesi il\u00e7edeki trafik g\u00fcvenli\u011finin sorgulanmas\u0131na sebep oldu. O anlar, ba\u015fka ara\u00e7lar\u0131n kameralar\u0131na yans\u0131rken, vatanda\u015flar trafikte huzur ve g\u00fcvenli\u011fin sa\u00fclanmas\u0131 amac\u0131yla, trafik denetimlerinin s\u0131kla\u015ft\u0131r\u0131lmas\u0131n\u0131 talep etti.<br \/><\/p>\n","protected":false},"excerpt":{"rendered":"<p>Mu\u011fla\u2019n\u0131n Milas il\u00e7esinde seyir halinde trafik kurallar\u0131n\u0131 yok sayan ve ihlal yapan s\u00fcr\u00fcc\u00fcler, ara\u00e7 kamerlar\u0131na yans\u0131d\u0131. Milas il\u00e7e genelinde a\u011f\u0131r vas\u0131ta kamyonlar, t\u0131rlar\u0131n karayolunda tehlikeli bir \u015fekilde g\u00fcvenlik \u015feridini kullanmalar\u0131, baz\u0131 ara\u00e7lar\u0131n da ters y\u00f6nden ilerlemesi il\u00e7edeki trafik g\u00fcvenli\u011finin sorgulanmas\u0131na sebep oldu. O anlar, ba\u015fka ara\u00e7lar\u0131n kameralar\u0131na yans\u0131rken, vatanda\u015flar trafikte huzur ve g\u00fcvenli\u011fin sa\u00fclanmas\u0131 amac\u0131yla,&#8230;<\/p>\n","protected":false},"author":1,"featured_media":29482,"comment_status":"open","ping_status":"open","sticky":false,"template":"","format":"standard","meta":{"_crdt_document":"","footnotes":""},"categories":[5],"tags":[],"class_list":["post-29481","post","type-post","status-publish","format-standard","has-post-thumbnail","hentry","category-asayis"],"_links":{"self":[{"href":"https:\/\/www.egemtv.com\/index.php?rest_route=\/wp\/v2\/posts\/29481","targetHints":{"allow":["GET"]}}],"collection":[{"href":"https:\/\/www.egemtv.com\/index.php?rest_route=\/wp\/v2\/posts"}],"about":[{"href":"https:\/\/www.egemtv.com\/index.php?rest_route=\/wp\/v2\/types\/post"}],"author":[{"embeddable":true,"href":"https:\/\/www.egemtv.com\/index.php?rest_route=\/wp\/v2\/users\/1"}],"replies":[{"embeddable":true,"href":"https:\/\/www.egemtv.com\/index.php?rest_route=%2Fwp%2Fv2%2Fcomments&post=29481"}],"version-history":[{"count":1,"href":"https:\/\/www.egemtv.com\/index.php?rest_route=\/wp\/v2\/posts\/29481\/revisions"}],"predecessor-version":[{"id":29483,"href":"https:\/\/www.egemtv.com\/index.php?rest_route=\/wp\/v2\/posts\/29481\/revisions\/29483"}],"wp:featuredmedia":[{"embeddable":true,"href":"https:\/\/www.egemtv.com\/index.php?rest_route=\/wp\/v2\/media\/29482"}],"wp:attachment":[{"href":"https:\/\/www.egemtv.com\/index.php?rest_route=%2Fwp%2Fv2%2Fmedia&parent=29481"}],"wp:term":[{"taxonomy":"category","embeddable":true,"href":"https:\/\/www.egemtv.com\/index.php?rest_route=%2Fwp%2Fv2%2Fcategories&post=29481"},{"taxonomy":"post_tag","embeddable":true,"href":"https:\/\/www.egemtv.com\/index.php?rest_route=%2Fwp%2Fv2%2Ftags&post=29481"}],"curies":[{"name":"wp","href":"https:\/\/api.w.org\/{rel}","templated":true}]}}