{"id":29478,"date":"2025-05-17T12:16:13","date_gmt":"2025-05-17T09:16:13","guid":{"rendered":"https:\/\/www.egemtv.com\/?p=29478"},"modified":"2025-05-17T12:16:17","modified_gmt":"2025-05-17T09:16:17","slug":"vali-musa-isindan-sosyal-sorumluluk-kuruluslarina-ziyaret","status":"publish","type":"post","link":"https:\/\/www.egemtv.com\/?p=29478","title":{"rendered":"Vali Musa I\u015f\u0131n\u2019dan sosyal sorumluluk kurulu\u015flar\u0131na ziyaret"},"content":{"rendered":"<p>K\u00fctahya Valisi Musa I\u015f\u0131n, AK Parti K\u00fctahya Milletvekili \u0130smail \u00c7a\u011flar Bay\u0131rc\u0131 ve \u0130l Genel Meclis Ba\u015fkan\u0131 Muammer \u00d6zcura ile birlikte, \u015fehirde sosyal sorumluluk alan\u0131nda \u00f6nemli \u00e7al\u0131\u015fmalara imza atan Meydan A\u015fevi Vakf\u0131 ve K\u00fctahya Aile Derne\u011fi\u2019ni ziyaret etti.<br \/>\n<br \/>Ziyaret kapsam\u0131nda Meydan A\u015fevi Vakf\u0131 Y\u00f6netim Kurulu Ba\u015fkan\u0131 Faruk Y\u0131ld\u0131r\u0131m ve K\u00fctahya Aile Derne\u011fi Y\u00f6netim Kurulu Ba\u015fkan\u0131 Ahmet Dal\u011f\u0131ran ile bir araya gelen Vali I\u015f\u0131n, her iki kurumun yard\u0131m faaliyetleri hakk\u0131nda bilgi ald\u0131. \u00d6zellikle ihtiya\u00e7 sahiplerine ula\u015ft\u0131r\u0131lan s\u0131cak yemek hizmetleri ve sosyal destek \u00e7al\u0131\u015fmalar\u0131 hakk\u0131nda bilgilendirilen Vali I\u015f\u0131n, g\u00f6n\u00fcll\u00fcl\u00fck esasl\u0131 bu hizmetlerin toplumsal dayan\u0131\u015fma a\u00e7\u0131s\u0131ndan ta\u015f\u0131d\u0131\u011f\u0131 \u00f6nemin alt\u0131n\u0131 \u00e7izdi.<br \/>\n<br \/>Ziyaret s\u0131ras\u0131nda dernek \u00e7al\u0131\u015fanlar\u0131na ve g\u00f6n\u00fcll\u00fclere te\u015fekk\u00fcr eden Vali Musa I\u015f\u0131n, devletin sosyal yard\u0131m politikalar\u0131n\u0131n sivil toplum kurulu\u015flar\u0131yla yap\u0131lacak i\u015f birlikleriyle daha da g\u00fc\u00e7lenece\u011fini belirtti. Valilik olarak ihtiya\u00e7 sahibi vatanda\u015flara y\u00f6nelik her t\u00fcrl\u00fc projeye destek vermeye devam edeceklerini vurgulayan I\u015f\u0131n, bu t\u00fcr \u00f6rnek projelerin toplumun huzur ve refah\u0131na \u00f6nemli katk\u0131lar sundu\u011funu ifade etti.<br \/><\/p>\n","protected":false},"excerpt":{"rendered":"<p>K\u00fctahya Valisi Musa I\u015f\u0131n, AK Parti K\u00fctahya Milletvekili \u0130smail \u00c7a\u011flar Bay\u0131rc\u0131 ve \u0130l Genel Meclis Ba\u015fkan\u0131 Muammer \u00d6zcura ile birlikte, \u015fehirde sosyal sorumluluk alan\u0131nda \u00f6nemli \u00e7al\u0131\u015fmalara imza atan Meydan A\u015fevi Vakf\u0131 ve K\u00fctahya Aile Derne\u011fi\u2019ni ziyaret etti. Ziyaret kapsam\u0131nda Meydan A\u015fevi Vakf\u0131 Y\u00f6netim Kurulu Ba\u015fkan\u0131 Faruk Y\u0131ld\u0131r\u0131m ve K\u00fctahya Aile Derne\u011fi Y\u00f6netim Kurulu Ba\u015fkan\u0131 Ahmet&#8230;<\/p>\n","protected":false},"author":1,"featured_media":29479,"comment_status":"open","ping_status":"open","sticky":false,"template":"","format":"standard","meta":{"_crdt_document":"","footnotes":""},"categories":[123],"tags":[],"class_list":["post-29478","post","type-post","status-publish","format-standard","has-post-thumbnail","hentry","category-gundem"],"_links":{"self":[{"href":"https:\/\/www.egemtv.com\/index.php?rest_route=\/wp\/v2\/posts\/29478","targetHints":{"allow":["GET"]}}],"collection":[{"href":"https:\/\/www.egemtv.com\/index.php?rest_route=\/wp\/v2\/posts"}],"about":[{"href":"https:\/\/www.egemtv.com\/index.php?rest_route=\/wp\/v2\/types\/post"}],"author":[{"embeddable":true,"href":"https:\/\/www.egemtv.com\/index.php?rest_route=\/wp\/v2\/users\/1"}],"replies":[{"embeddable":true,"href":"https:\/\/www.egemtv.com\/index.php?rest_route=%2Fwp%2Fv2%2Fcomments&post=29478"}],"version-history":[{"count":1,"href":"https:\/\/www.egemtv.com\/index.php?rest_route=\/wp\/v2\/posts\/29478\/revisions"}],"predecessor-version":[{"id":29480,"href":"https:\/\/www.egemtv.com\/index.php?rest_route=\/wp\/v2\/posts\/29478\/revisions\/29480"}],"wp:featuredmedia":[{"embeddable":true,"href":"https:\/\/www.egemtv.com\/index.php?rest_route=\/wp\/v2\/media\/29479"}],"wp:attachment":[{"href":"https:\/\/www.egemtv.com\/index.php?rest_route=%2Fwp%2Fv2%2Fmedia&parent=29478"}],"wp:term":[{"taxonomy":"category","embeddable":true,"href":"https:\/\/www.egemtv.com\/index.php?rest_route=%2Fwp%2Fv2%2Fcategories&post=29478"},{"taxonomy":"post_tag","embeddable":true,"href":"https:\/\/www.egemtv.com\/index.php?rest_route=%2Fwp%2Fv2%2Ftags&post=29478"}],"curies":[{"name":"wp","href":"https:\/\/api.w.org\/{rel}","templated":true}]}}