{"id":29475,"date":"2025-05-17T12:16:08","date_gmt":"2025-05-17T09:16:08","guid":{"rendered":"https:\/\/www.egemtv.com\/?p=29475"},"modified":"2025-05-17T12:16:13","modified_gmt":"2025-05-17T09:16:13","slug":"kutahyadan-anitkabire-sanli-turk-bayragi-yolculugu","status":"publish","type":"post","link":"https:\/\/www.egemtv.com\/?p=29475","title":{"rendered":"K\u00fctahya\u2019dan An\u0131tkabir\u2019e \u015fanl\u0131 T\u00fcrk bayra\u011f\u0131 yolculu\u011fu"},"content":{"rendered":"<p>K\u00fctahya Belediyesi, 19 May\u0131s Atat\u00fcrk\u2019\u00fc Anma, Gen\u00e7lik ve Spor Bayram\u0131 etkinlikleri kapsam\u0131nda anlaml\u0131 bir organizasyona imza att\u0131. T\u00fcrk Chopper Motosiklet Kul\u00fcb\u00fc \u00fcyeleri, Belediye Ba\u015fkan Yard\u0131mc\u0131s\u0131 Ha\u015fim Ertekin\u2019den teslim ald\u0131klar\u0131 T\u00fcrk bayra\u011f\u0131n\u0131, b\u00fcy\u00fck bir gurur ve heyecanla Ankara\u2019ya, An\u0131tkabir\u2019e ula\u015ft\u0131rmak \u00fczere yola \u00e7\u0131kt\u0131.<br \/>\n<br \/>Bayrak teslim t\u00f6reninin ard\u0131ndan kul\u00fcp \u00fcyeleri \u015fehir merkezinde kortej olu\u015fturarak tur att\u0131 ve ard\u0131ndan Ankara yolculu\u011funa ba\u015flad\u0131.<br \/>\n<br \/>K\u00fctahya Belediyesi, bu \u00f6zel g\u00f6revde yer alan T\u00fcrk Chopper Motosiklet Kul\u00fcb\u00fc\u2019ne te\u015fekk\u00fcr ederek, yolculuklar\u0131n\u0131n g\u00fcvenli ve anlam dolu ge\u00e7mesi temennisinde bulundu.<br \/><\/p>\n","protected":false},"excerpt":{"rendered":"<p>K\u00fctahya Belediyesi, 19 May\u0131s Atat\u00fcrk\u2019\u00fc Anma, Gen\u00e7lik ve Spor Bayram\u0131 etkinlikleri kapsam\u0131nda anlaml\u0131 bir organizasyona imza att\u0131. T\u00fcrk Chopper Motosiklet Kul\u00fcb\u00fc \u00fcyeleri, Belediye Ba\u015fkan Yard\u0131mc\u0131s\u0131 Ha\u015fim Ertekin\u2019den teslim ald\u0131klar\u0131 T\u00fcrk bayra\u011f\u0131n\u0131, b\u00fcy\u00fck bir gurur ve heyecanla Ankara\u2019ya, An\u0131tkabir\u2019e ula\u015ft\u0131rmak \u00fczere yola \u00e7\u0131kt\u0131. Bayrak teslim t\u00f6reninin ard\u0131ndan kul\u00fcp \u00fcyeleri \u015fehir merkezinde kortej olu\u015fturarak tur att\u0131 ve&#8230;<\/p>\n","protected":false},"author":1,"featured_media":29476,"comment_status":"open","ping_status":"open","sticky":false,"template":"","format":"standard","meta":{"_crdt_document":"","footnotes":""},"categories":[123],"tags":[],"class_list":["post-29475","post","type-post","status-publish","format-standard","has-post-thumbnail","hentry","category-gundem"],"_links":{"self":[{"href":"https:\/\/www.egemtv.com\/index.php?rest_route=\/wp\/v2\/posts\/29475","targetHints":{"allow":["GET"]}}],"collection":[{"href":"https:\/\/www.egemtv.com\/index.php?rest_route=\/wp\/v2\/posts"}],"about":[{"href":"https:\/\/www.egemtv.com\/index.php?rest_route=\/wp\/v2\/types\/post"}],"author":[{"embeddable":true,"href":"https:\/\/www.egemtv.com\/index.php?rest_route=\/wp\/v2\/users\/1"}],"replies":[{"embeddable":true,"href":"https:\/\/www.egemtv.com\/index.php?rest_route=%2Fwp%2Fv2%2Fcomments&post=29475"}],"version-history":[{"count":1,"href":"https:\/\/www.egemtv.com\/index.php?rest_route=\/wp\/v2\/posts\/29475\/revisions"}],"predecessor-version":[{"id":29477,"href":"https:\/\/www.egemtv.com\/index.php?rest_route=\/wp\/v2\/posts\/29475\/revisions\/29477"}],"wp:featuredmedia":[{"embeddable":true,"href":"https:\/\/www.egemtv.com\/index.php?rest_route=\/wp\/v2\/media\/29476"}],"wp:attachment":[{"href":"https:\/\/www.egemtv.com\/index.php?rest_route=%2Fwp%2Fv2%2Fmedia&parent=29475"}],"wp:term":[{"taxonomy":"category","embeddable":true,"href":"https:\/\/www.egemtv.com\/index.php?rest_route=%2Fwp%2Fv2%2Fcategories&post=29475"},{"taxonomy":"post_tag","embeddable":true,"href":"https:\/\/www.egemtv.com\/index.php?rest_route=%2Fwp%2Fv2%2Ftags&post=29475"}],"curies":[{"name":"wp","href":"https:\/\/api.w.org\/{rel}","templated":true}]}}