{"id":29472,"date":"2025-05-17T12:16:02","date_gmt":"2025-05-17T09:16:02","guid":{"rendered":"https:\/\/www.egemtv.com\/?p=29472"},"modified":"2025-05-17T12:16:08","modified_gmt":"2025-05-17T09:16:08","slug":"bucadaki-okul-onu-park-sorunu-cozume-kavustu","status":"publish","type":"post","link":"https:\/\/www.egemtv.com\/?p=29472","title":{"rendered":"Buca\u2019daki okul \u00f6n\u00fc park sorunu \u00e7\u00f6z\u00fcme kavu\u015ftu"},"content":{"rendered":"<p>\u0130zmir\u2019in Buca il\u00e7esinde bulunan Hasan Ali Y\u00fccel Ortaokulu\u2019nun \u00f6n\u00fcnde uzun s\u00fcredir devam eden park sorunu, \u0130zmir Otob\u00fcs\u00e7\u00fcler ve Umum Servis Ara\u00e7lar\u0131 \u0130\u015fletmecileri Esnaf Odas\u0131 Ba\u015fkan\u0131 Erdem Mert\u2019in kararl\u0131 giri\u015fimleriyle \u00e7\u00f6z\u00fcme kavu\u015ftu. Okul saatlerinde sivil ara\u00e7lar\u0131n okul \u00f6n\u00fcne park etmesi nedeniyle b\u00fcy\u00fck zorluk ya\u015fayan servis \u015fof\u00f6rleri ve \u00f6\u011frenciler i\u00e7in \u00f6nemli bir ad\u0131m at\u0131ld\u0131.<br \/>\n<br \/>Sabah\u00e7\u0131 ve \u00f6\u011flenci sistemle hizmet veren okulda g\u00f6rev yapan \u00e7ok say\u0131da servis \u015fof\u00f6r\u00fc, \u00f6\u011frencileri okul \u00f6n\u00fcnde g\u00fcvenli \u015fekilde indirip bindiremiyordu. Bu nedenle bir\u00e7ok \u00f6\u011frenci, birka\u00e7 sokak \u00f6tede ara\u00e7tan inmek ya da servislerine y\u00fcr\u00fcyerek ula\u015fmak zorunda kal\u0131yordu. Bu durum, hem g\u00fcvenlik hem de d\u00fczen a\u00e7\u0131s\u0131ndan ciddi sorunlara yol a\u00e7\u0131yordu. Servis \u015fof\u00f6rlerinin ya\u015fad\u0131\u011f\u0131 s\u0131k\u0131nt\u0131lar Esnaf Odas\u0131\u2019na bildirilmesinin ard\u0131ndan Ba\u015fkan Erdem Mert, konuyu ivedilikle g\u00fcndemine alarak UKOME\u2019ye ta\u015f\u0131d\u0131. Hem yaz\u0131l\u0131 hem s\u00f6zl\u00fc olarak yap\u0131lan ba\u015fvurular\u0131n yan\u0131 s\u0131ra, sorunun ciddiyetini ortaya koyan foto\u011fraflar da yetkililerle payla\u015f\u0131ld\u0131.<\/p>\n<p>Erdem Mert: &#8220;Onlar bizim g\u00f6z bebeklerimiz&#8221;<br \/>\n<br \/>Konuya ili\u015fkin de\u011ferlendirmede bulunan Ba\u015fkan Erdem Mert, \u015fu a\u00e7\u0131klamalarda bulundu: &#8220;Onlar bizim \u00e7ocuklar\u0131m\u0131z, bizim g\u00f6z bebeklerimiz. Hem evlatlar\u0131m\u0131z\u0131n g\u00fcvenli\u011fi hem de ekme\u011fini al\u0131n teriyle kazanan esnaf\u0131m\u0131z i\u00e7in gece g\u00fcnd\u00fcz demeden \u00e7al\u0131\u015f\u0131yoruz. Bu sorunu \u00e7\u00f6zmek bizim i\u00e7in sadece bir g\u00f6rev de\u011fil, ayn\u0131 zamanda vicdani bir sorumluluktu. \u0130n\u015fallah bundan sonra \u00e7ocuklar\u0131m\u0131z okula daha g\u00fcvenli, servis\u00e7ilerimiz de daha huzurlu bir \u015fekilde ula\u015facak.&#8221;<\/p>\n<p>Park yasa\u011f\u0131 karar\u0131 al\u0131nd\u0131<br \/>\n<br \/>UKOME Genel Kurulu\u2019nda al\u0131nan kararla, Hasan Ali Y\u00fccel Ortaokulu \u00e7evresinde okul saatlerinde sivil ara\u00e7lara park yasa\u011f\u0131 getirilmesi oy birli\u011fiyle kabul edildi. Karar\u0131n uygulamaya ge\u00e7mesiyle birlikte, servis \u015fof\u00f6rleri derin bir nefes alacak.<\/p>\n<p>Veliler ve esnaf te\u015fekk\u00fcr etti<br \/>\n<br \/>Okul y\u00f6netimi, servis\u00e7iler ve \u00f6\u011frenci velileri, al\u0131nan karar\u0131n hem \u00e7ocuklar\u0131n g\u00fcvenli\u011fi hem de servis d\u00fczeni a\u00e7\u0131s\u0131ndan b\u00fcy\u00fck \u00f6nem ta\u015f\u0131d\u0131\u011f\u0131n\u0131 vurgulayarak \u015fu s\u00f6zlerle te\u015fekk\u00fcr etti:<br \/>\n<br \/>&#8220;De\u011ferli Ba\u015fkan\u0131m\u0131z Erdem Mert\u2019e, y\u0131llard\u0131r \u00e7\u00f6z\u00fclemeyen bu kronik sorunu \u0131srarla takip edip \u00e7\u00f6z\u00fcme ula\u015ft\u0131rd\u0131\u011f\u0131 i\u00e7in te\u015fekk\u00fcr ederiz. Servis\u00e7ilerimiz ve \u00e7ocuklar\u0131m\u0131z ad\u0131na \u00e7ok k\u0131ymetli bir ad\u0131m at\u0131ld\u0131.&#8221;<br \/><\/p>\n","protected":false},"excerpt":{"rendered":"<p>\u0130zmir\u2019in Buca il\u00e7esinde bulunan Hasan Ali Y\u00fccel Ortaokulu\u2019nun \u00f6n\u00fcnde uzun s\u00fcredir devam eden park sorunu, \u0130zmir Otob\u00fcs\u00e7\u00fcler ve Umum Servis Ara\u00e7lar\u0131 \u0130\u015fletmecileri Esnaf Odas\u0131 Ba\u015fkan\u0131 Erdem Mert\u2019in kararl\u0131 giri\u015fimleriyle \u00e7\u00f6z\u00fcme kavu\u015ftu. Okul saatlerinde sivil ara\u00e7lar\u0131n okul \u00f6n\u00fcne park etmesi nedeniyle b\u00fcy\u00fck zorluk ya\u015fayan servis \u015fof\u00f6rleri ve \u00f6\u011frenciler i\u00e7in \u00f6nemli bir ad\u0131m at\u0131ld\u0131. Sabah\u00e7\u0131 ve \u00f6\u011flenci&#8230;<\/p>\n","protected":false},"author":1,"featured_media":29473,"comment_status":"open","ping_status":"open","sticky":false,"template":"","format":"standard","meta":{"_crdt_document":"","footnotes":""},"categories":[1],"tags":[],"class_list":["post-29472","post","type-post","status-publish","format-standard","has-post-thumbnail","hentry","category-guncel"],"_links":{"self":[{"href":"https:\/\/www.egemtv.com\/index.php?rest_route=\/wp\/v2\/posts\/29472","targetHints":{"allow":["GET"]}}],"collection":[{"href":"https:\/\/www.egemtv.com\/index.php?rest_route=\/wp\/v2\/posts"}],"about":[{"href":"https:\/\/www.egemtv.com\/index.php?rest_route=\/wp\/v2\/types\/post"}],"author":[{"embeddable":true,"href":"https:\/\/www.egemtv.com\/index.php?rest_route=\/wp\/v2\/users\/1"}],"replies":[{"embeddable":true,"href":"https:\/\/www.egemtv.com\/index.php?rest_route=%2Fwp%2Fv2%2Fcomments&post=29472"}],"version-history":[{"count":1,"href":"https:\/\/www.egemtv.com\/index.php?rest_route=\/wp\/v2\/posts\/29472\/revisions"}],"predecessor-version":[{"id":29474,"href":"https:\/\/www.egemtv.com\/index.php?rest_route=\/wp\/v2\/posts\/29472\/revisions\/29474"}],"wp:featuredmedia":[{"embeddable":true,"href":"https:\/\/www.egemtv.com\/index.php?rest_route=\/wp\/v2\/media\/29473"}],"wp:attachment":[{"href":"https:\/\/www.egemtv.com\/index.php?rest_route=%2Fwp%2Fv2%2Fmedia&parent=29472"}],"wp:term":[{"taxonomy":"category","embeddable":true,"href":"https:\/\/www.egemtv.com\/index.php?rest_route=%2Fwp%2Fv2%2Fcategories&post=29472"},{"taxonomy":"post_tag","embeddable":true,"href":"https:\/\/www.egemtv.com\/index.php?rest_route=%2Fwp%2Fv2%2Ftags&post=29472"}],"curies":[{"name":"wp","href":"https:\/\/api.w.org\/{rel}","templated":true}]}}