{"id":29469,"date":"2025-05-17T12:15:59","date_gmt":"2025-05-17T09:15:59","guid":{"rendered":"https:\/\/www.egemtv.com\/?p=29469"},"modified":"2025-05-17T12:16:02","modified_gmt":"2025-05-17T09:16:02","slug":"manisada-2-ton-kacak-tutun-ele-gecirildi","status":"publish","type":"post","link":"https:\/\/www.egemtv.com\/?p=29469","title":{"rendered":"Manisa\u2019da 2 ton ka\u00e7ak t\u00fct\u00fcn ele ge\u00e7irildi"},"content":{"rendered":"<p>Manisa \u0130l Emniyet M\u00fcd\u00fcrl\u00fc\u011f\u00fc Ka\u00e7ak\u00e7\u0131l\u0131k ve Organize Su\u00e7larla M\u00fccadele \u015eube M\u00fcd\u00fcrl\u00fc\u011f\u00fc ekiplerince ger\u00e7ekle\u015ftirilen operasyonda 2 ton 179 kilogram ka\u00e7ak t\u00fct\u00fcn ele ge\u00e7irilirken g\u00f6zalt\u0131na al\u0131nan 2 \u015f\u00fcpheli hakk\u0131nda adli i\u015flem ba\u015flat\u0131ld\u0131.<br \/>\n<br \/>Manisa \u0130l Emniyet M\u00fcd\u00fcrl\u00fc\u011f\u00fc Ka\u00e7ak\u00e7\u0131l\u0131k ve Organize Su\u00e7larla M\u00fccadele \u015eube M\u00fcd\u00fcrl\u00fc\u011f\u00fc ekipleri taraf\u0131ndan t\u00fct\u00fcn ka\u00e7ak\u00e7\u0131l\u0131\u011f\u0131n\u0131n \u00f6n\u00fcne ge\u00e7ilmesi amac\u0131yla A.H.A. (27) ve S.D. (25) olmak \u00fczere iki \u015f\u00fcphelinin kullan\u0131m\u0131nda olan depoya operasyon d\u00fczenlendi. Operasyonda 2 ton 179 kilogram a\u00e7\u0131k k\u0131y\u0131lm\u0131\u015f t\u00fct\u00fcn, 104 kilogram yaprak t\u00fct\u00fcn ve 300 paket g\u00fcmr\u00fck ka\u00e7a\u011f\u0131 sigara ele ge\u00e7irildi. G\u00f6zalt\u0131na al\u0131nan \u015f\u00fcpheliler A.H.A. ve S.D. hakk\u0131nda adli i\u015flem ba\u015flat\u0131ld\u0131.<br \/>\n<br \/>Soru\u015fturma devam ediyor.<br \/><\/p>\n","protected":false},"excerpt":{"rendered":"<p>Manisa \u0130l Emniyet M\u00fcd\u00fcrl\u00fc\u011f\u00fc Ka\u00e7ak\u00e7\u0131l\u0131k ve Organize Su\u00e7larla M\u00fccadele \u015eube M\u00fcd\u00fcrl\u00fc\u011f\u00fc ekiplerince ger\u00e7ekle\u015ftirilen operasyonda 2 ton 179 kilogram ka\u00e7ak t\u00fct\u00fcn ele ge\u00e7irilirken g\u00f6zalt\u0131na al\u0131nan 2 \u015f\u00fcpheli hakk\u0131nda adli i\u015flem ba\u015flat\u0131ld\u0131. Manisa \u0130l Emniyet M\u00fcd\u00fcrl\u00fc\u011f\u00fc Ka\u00e7ak\u00e7\u0131l\u0131k ve Organize Su\u00e7larla M\u00fccadele \u015eube M\u00fcd\u00fcrl\u00fc\u011f\u00fc ekipleri taraf\u0131ndan t\u00fct\u00fcn ka\u00e7ak\u00e7\u0131l\u0131\u011f\u0131n\u0131n \u00f6n\u00fcne ge\u00e7ilmesi amac\u0131yla A.H.A. (27) ve S.D. (25) olmak \u00fczere&#8230;<\/p>\n","protected":false},"author":1,"featured_media":29470,"comment_status":"open","ping_status":"open","sticky":false,"template":"","format":"standard","meta":{"_crdt_document":"","footnotes":""},"categories":[5],"tags":[],"class_list":["post-29469","post","type-post","status-publish","format-standard","has-post-thumbnail","hentry","category-asayis"],"_links":{"self":[{"href":"https:\/\/www.egemtv.com\/index.php?rest_route=\/wp\/v2\/posts\/29469","targetHints":{"allow":["GET"]}}],"collection":[{"href":"https:\/\/www.egemtv.com\/index.php?rest_route=\/wp\/v2\/posts"}],"about":[{"href":"https:\/\/www.egemtv.com\/index.php?rest_route=\/wp\/v2\/types\/post"}],"author":[{"embeddable":true,"href":"https:\/\/www.egemtv.com\/index.php?rest_route=\/wp\/v2\/users\/1"}],"replies":[{"embeddable":true,"href":"https:\/\/www.egemtv.com\/index.php?rest_route=%2Fwp%2Fv2%2Fcomments&post=29469"}],"version-history":[{"count":1,"href":"https:\/\/www.egemtv.com\/index.php?rest_route=\/wp\/v2\/posts\/29469\/revisions"}],"predecessor-version":[{"id":29471,"href":"https:\/\/www.egemtv.com\/index.php?rest_route=\/wp\/v2\/posts\/29469\/revisions\/29471"}],"wp:featuredmedia":[{"embeddable":true,"href":"https:\/\/www.egemtv.com\/index.php?rest_route=\/wp\/v2\/media\/29470"}],"wp:attachment":[{"href":"https:\/\/www.egemtv.com\/index.php?rest_route=%2Fwp%2Fv2%2Fmedia&parent=29469"}],"wp:term":[{"taxonomy":"category","embeddable":true,"href":"https:\/\/www.egemtv.com\/index.php?rest_route=%2Fwp%2Fv2%2Fcategories&post=29469"},{"taxonomy":"post_tag","embeddable":true,"href":"https:\/\/www.egemtv.com\/index.php?rest_route=%2Fwp%2Fv2%2Ftags&post=29469"}],"curies":[{"name":"wp","href":"https:\/\/api.w.org\/{rel}","templated":true}]}}