{"id":29466,"date":"2025-05-17T12:15:54","date_gmt":"2025-05-17T09:15:54","guid":{"rendered":"https:\/\/www.egemtv.com\/?p=29466"},"modified":"2025-05-17T12:15:59","modified_gmt":"2025-05-17T09:15:59","slug":"bu-cicegi-koparmanin-cezasi-yarim-milyondan-fazla","status":"publish","type":"post","link":"https:\/\/www.egemtv.com\/?p=29466","title":{"rendered":"Bu \u00e7i\u00e7e\u011fi koparman\u0131n cezas\u0131 yar\u0131m milyondan fazla"},"content":{"rendered":"<p>T\u00fcrkiye\u2019nin en de\u011ferli endemik bitki t\u00fcrlerinden birisi olan ve yaln\u0131zca Eber G\u00f6l\u00fc \u00e7evresinde yeti\u015fen \u2018Eber Sar\u0131s\u0131\u2019 bu y\u0131lda \u00e7i\u00e7ek a\u00e7arken, bitkiyi koparman\u0131n cezas\u0131n\u0131n ise 557 bin 212 TL oldu\u011fu belirtildi.<br \/>\n<br \/>Baklagillerin krali\u00e7esi olarak adland\u0131r\u0131lan ve d\u00fcnyada sadece Eber ve Ak\u015fehir G\u00f6lleri\u2019nin \u00e7evresinde yeti\u015fen Eber Sar\u0131s\u0131 bu senede e\u015fsiz g\u00fczelli\u011fi ile bu y\u0131lda a\u00e7t\u0131. Eber G\u00f6l\u00fc\u2019n\u00fcn Afyonkarahisar Bolvadin s\u0131n\u0131rlar\u0131 i\u00e7erisinde kalan k\u0131sm\u0131nda a\u00e7an Eber Sar\u0131s\u0131 ile g\u00f6l \u00e7evresi sapsar\u0131 bir renk ile kapland\u0131.<br \/>\n<br \/>\u0130\u00e7eri\u011finde bulunan antioksidan ve antimikrobiyal maddeler sayesinde ila\u00e7 sanayinde kullan\u0131lma potansiyeli mevcut. Eber G\u00f6l\u00fc\u2019nde her y\u0131l oldu\u011fu gibi bu y\u0131l da bahar\u0131n gelmesi ile Eber Sar\u0131s\u0131 (Vuralia turcica- Thermopsis turcica) a\u00e7t\u0131. Eber Sar\u0131s\u0131\u2019n\u0131n a\u00e7mas\u0131 ayn\u0131 zamanda b\u00f6lgede bahar\u0131n ve s\u0131cak havalar\u0131nda gelmesinin m\u00fcjdecisi olarak biliniyor. Eber Sar\u0131s\u0131 yery\u00fcz\u00fcndeki yakla\u015f\u0131k 18 bin baklagil t\u00fcr\u00fc i\u00e7erisinde tek \u00e7i\u00e7ekten 3 meyve veren tek t\u00fcr olarak biliniyor. Bu \u00f6zelli\u011fi ile d\u00fcnya \u00fczerinde e\u015fsiz bir \u00f6neme sahip genetik kaynak olarak bilinmekte.<br \/>\n<br \/>Endemik bitki t\u00fcrleri aras\u0131nda yer alan izinsiz kopar\u0131lmas\u0131n\u0131n cezas\u0131n\u0131n \u00e7evre kanununa g\u00f6re 557 bin 212 TL oldu\u011fu belirtildi.<br \/>\n<br \/>Eber G\u00f6l\u00fc K\u0131lavuz ve Rehberi Kadir Ate\u015f, Eber Sar\u0131s\u0131\u2019n\u0131n d\u00fcnyada bir tek bu b\u00f6lgede yeti\u015fti\u011fini kaydederek, vatanda\u015flar\u0131n bitkiye kar\u015f\u0131 hassas davranmalar\u0131n\u0131 istedi.<br \/><\/p>\n","protected":false},"excerpt":{"rendered":"<p>T\u00fcrkiye\u2019nin en de\u011ferli endemik bitki t\u00fcrlerinden birisi olan ve yaln\u0131zca Eber G\u00f6l\u00fc \u00e7evresinde yeti\u015fen \u2018Eber Sar\u0131s\u0131\u2019 bu y\u0131lda \u00e7i\u00e7ek a\u00e7arken, bitkiyi koparman\u0131n cezas\u0131n\u0131n ise 557 bin 212 TL oldu\u011fu belirtildi. Baklagillerin krali\u00e7esi olarak adland\u0131r\u0131lan ve d\u00fcnyada sadece Eber ve Ak\u015fehir G\u00f6lleri\u2019nin \u00e7evresinde yeti\u015fen Eber Sar\u0131s\u0131 bu senede e\u015fsiz g\u00fczelli\u011fi ile bu y\u0131lda a\u00e7t\u0131. Eber G\u00f6l\u00fc\u2019n\u00fcn&#8230;<\/p>\n","protected":false},"author":1,"featured_media":29467,"comment_status":"open","ping_status":"open","sticky":false,"template":"","format":"standard","meta":{"_crdt_document":"","footnotes":""},"categories":[1],"tags":[],"class_list":["post-29466","post","type-post","status-publish","format-standard","has-post-thumbnail","hentry","category-guncel"],"_links":{"self":[{"href":"https:\/\/www.egemtv.com\/index.php?rest_route=\/wp\/v2\/posts\/29466","targetHints":{"allow":["GET"]}}],"collection":[{"href":"https:\/\/www.egemtv.com\/index.php?rest_route=\/wp\/v2\/posts"}],"about":[{"href":"https:\/\/www.egemtv.com\/index.php?rest_route=\/wp\/v2\/types\/post"}],"author":[{"embeddable":true,"href":"https:\/\/www.egemtv.com\/index.php?rest_route=\/wp\/v2\/users\/1"}],"replies":[{"embeddable":true,"href":"https:\/\/www.egemtv.com\/index.php?rest_route=%2Fwp%2Fv2%2Fcomments&post=29466"}],"version-history":[{"count":1,"href":"https:\/\/www.egemtv.com\/index.php?rest_route=\/wp\/v2\/posts\/29466\/revisions"}],"predecessor-version":[{"id":29468,"href":"https:\/\/www.egemtv.com\/index.php?rest_route=\/wp\/v2\/posts\/29466\/revisions\/29468"}],"wp:featuredmedia":[{"embeddable":true,"href":"https:\/\/www.egemtv.com\/index.php?rest_route=\/wp\/v2\/media\/29467"}],"wp:attachment":[{"href":"https:\/\/www.egemtv.com\/index.php?rest_route=%2Fwp%2Fv2%2Fmedia&parent=29466"}],"wp:term":[{"taxonomy":"category","embeddable":true,"href":"https:\/\/www.egemtv.com\/index.php?rest_route=%2Fwp%2Fv2%2Fcategories&post=29466"},{"taxonomy":"post_tag","embeddable":true,"href":"https:\/\/www.egemtv.com\/index.php?rest_route=%2Fwp%2Fv2%2Ftags&post=29466"}],"curies":[{"name":"wp","href":"https:\/\/api.w.org\/{rel}","templated":true}]}}