{"id":29463,"date":"2025-05-17T11:56:35","date_gmt":"2025-05-17T08:56:35","guid":{"rendered":"https:\/\/www.egemtv.com\/?p=29463"},"modified":"2025-05-17T11:56:40","modified_gmt":"2025-05-17T08:56:40","slug":"kulada-kurtulus-savasi-ve-genclik-semineri-duzenlendi","status":"publish","type":"post","link":"https:\/\/www.egemtv.com\/?p=29463","title":{"rendered":"Kula\u2019da &#8220;Kurtulu\u015f Sava\u015f\u0131 ve Gen\u00e7lik&#8221; Semineri D\u00fczenlendi"},"content":{"rendered":"<p>Manisa\u2019n\u0131n Kula il\u00e7esinde ger\u00e7ekle\u015ftirilen &#8220;Kurtulu\u015f Sava\u015f\u0131 ve Gen\u00e7lik&#8221; seminerinde Kurtulu\u015f Sava\u015f\u0131\u2019n\u0131n tarihi s\u00fcrecini anlatarak, gen\u00e7lerin bu s\u00fcre\u00e7teki rol\u00fcn\u00fc ve bug\u00fcn\u00fcn gen\u00e7li\u011finin milli m\u00fccadele ruhundan almas\u0131 gereken dersleri vurgulad\u0131.<br \/>\n<br \/>Manisa\u2019n\u0131n Kula il\u00e7esinde, gen\u00e7lerin milli tarih bilinci kazanmas\u0131na katk\u0131 sa\u011flamak amac\u0131yla &#8220;Kurtulu\u015f Sava\u015f\u0131 ve Gen\u00e7lik&#8221; konulu bir seminer d\u00fczenlendi. Manisa Celal Bayar \u00dcniversitesi Demirci E\u011fitim Fak\u00fcltesi \u00d6\u011fretim \u00dcyesi Prof. Dr. Celal Metin\u2019in konu\u015fmac\u0131 olarak yer ald\u0131\u011f\u0131 seminer yo\u011fun ilgi g\u00f6rd\u00fc.<br \/>\n<br \/>Prof. Dr. Celal Metin, seminerde Kurtulu\u015f Sava\u015f\u0131\u2019n\u0131n tarihi s\u00fcrecini anlatarak, gen\u00e7lerin bu s\u00fcre\u00e7teki rol\u00fcn\u00fc ve bug\u00fcn\u00fcn gen\u00e7li\u011finin milli m\u00fccadele ruhundan almas\u0131 gereken dersleri vurgulad\u0131. T\u00fcrk milletinin ba\u011f\u0131ms\u0131zl\u0131k m\u00fccadelesini tarihi \u00f6rneklerle aktaran Prof. Dr. Metin, gen\u00e7lere \u00f6nemli mesajlar verdi.<br \/>\n<br \/>Seminerin ard\u0131ndan, kat\u0131l\u0131mc\u0131 \u00f6\u011frenciler aras\u0131nda internet \u00fczerinde \u00f6d\u00fcll\u00fc bilgi yar\u0131\u015fmas\u0131 d\u00fczenlendi. Yar\u0131\u015fmada dereceye giren \u00f6\u011frencilere \u00e7e\u015fitli hediyeler takdim edildi.<br \/>\n<br \/>Etkinlik, \u00f6\u011frencilerden b\u00fcy\u00fck be\u011feni toplarken, benzer faaliyetlerin art\u0131r\u0131lmas\u0131 y\u00f6n\u00fcnde temenniler dile getirildi.<br \/>\n<br \/>Seminere Kula Kaymakam\u0131 \u00d6mer Ahmet \u00d6zdemir, Manisa Celal Bayar \u00dcniversitesi Kula Meslek Y\u00fcksekokulu M\u00fcd\u00fcr\u00fc Do\u00e7. Dr. Ahmet Yavuz \u00c7aml\u0131, \u0130l\u00e7e Milli E\u011fitim M\u00fcd\u00fcr\u00fc Zakir Okumu\u015f, \u0130l\u00e7e Gen\u00e7lik ve Spor M\u00fcd\u00fcr\u00fc Ufuk \u00d6zlem kat\u0131ld\u0131.<br \/><\/p>\n","protected":false},"excerpt":{"rendered":"<p>Manisa\u2019n\u0131n Kula il\u00e7esinde ger\u00e7ekle\u015ftirilen &#8220;Kurtulu\u015f Sava\u015f\u0131 ve Gen\u00e7lik&#8221; seminerinde Kurtulu\u015f Sava\u015f\u0131\u2019n\u0131n tarihi s\u00fcrecini anlatarak, gen\u00e7lerin bu s\u00fcre\u00e7teki rol\u00fcn\u00fc ve bug\u00fcn\u00fcn gen\u00e7li\u011finin milli m\u00fccadele ruhundan almas\u0131 gereken dersleri vurgulad\u0131. Manisa\u2019n\u0131n Kula il\u00e7esinde, gen\u00e7lerin milli tarih bilinci kazanmas\u0131na katk\u0131 sa\u011flamak amac\u0131yla &#8220;Kurtulu\u015f Sava\u015f\u0131 ve Gen\u00e7lik&#8221; konulu bir seminer d\u00fczenlendi. Manisa Celal Bayar \u00dcniversitesi Demirci E\u011fitim Fak\u00fcltesi \u00d6\u011fretim&#8230;<\/p>\n","protected":false},"author":1,"featured_media":29464,"comment_status":"open","ping_status":"open","sticky":false,"template":"","format":"standard","meta":{"_crdt_document":"","footnotes":""},"categories":[1],"tags":[],"class_list":["post-29463","post","type-post","status-publish","format-standard","has-post-thumbnail","hentry","category-guncel"],"_links":{"self":[{"href":"https:\/\/www.egemtv.com\/index.php?rest_route=\/wp\/v2\/posts\/29463","targetHints":{"allow":["GET"]}}],"collection":[{"href":"https:\/\/www.egemtv.com\/index.php?rest_route=\/wp\/v2\/posts"}],"about":[{"href":"https:\/\/www.egemtv.com\/index.php?rest_route=\/wp\/v2\/types\/post"}],"author":[{"embeddable":true,"href":"https:\/\/www.egemtv.com\/index.php?rest_route=\/wp\/v2\/users\/1"}],"replies":[{"embeddable":true,"href":"https:\/\/www.egemtv.com\/index.php?rest_route=%2Fwp%2Fv2%2Fcomments&post=29463"}],"version-history":[{"count":1,"href":"https:\/\/www.egemtv.com\/index.php?rest_route=\/wp\/v2\/posts\/29463\/revisions"}],"predecessor-version":[{"id":29465,"href":"https:\/\/www.egemtv.com\/index.php?rest_route=\/wp\/v2\/posts\/29463\/revisions\/29465"}],"wp:featuredmedia":[{"embeddable":true,"href":"https:\/\/www.egemtv.com\/index.php?rest_route=\/wp\/v2\/media\/29464"}],"wp:attachment":[{"href":"https:\/\/www.egemtv.com\/index.php?rest_route=%2Fwp%2Fv2%2Fmedia&parent=29463"}],"wp:term":[{"taxonomy":"category","embeddable":true,"href":"https:\/\/www.egemtv.com\/index.php?rest_route=%2Fwp%2Fv2%2Fcategories&post=29463"},{"taxonomy":"post_tag","embeddable":true,"href":"https:\/\/www.egemtv.com\/index.php?rest_route=%2Fwp%2Fv2%2Ftags&post=29463"}],"curies":[{"name":"wp","href":"https:\/\/api.w.org\/{rel}","templated":true}]}}