{"id":29460,"date":"2025-05-17T11:56:30","date_gmt":"2025-05-17T08:56:30","guid":{"rendered":"https:\/\/www.egemtv.com\/?p=29460"},"modified":"2025-05-17T11:56:35","modified_gmt":"2025-05-17T08:56:35","slug":"emette-yolun-karsisina-gecmek-isterken-otomobilin-carptigi-adam-hayatini-kaybetti","status":"publish","type":"post","link":"https:\/\/www.egemtv.com\/?p=29460","title":{"rendered":"Emet\u2019te yolun kar\u015f\u0131s\u0131na ge\u00e7mek isterken otomobilin \u00e7arpt\u0131\u011f\u0131 adam hayat\u0131n\u0131 kaybetti"},"content":{"rendered":"<p>K\u00fctahya\u2019n\u0131n Emet il\u00e7esi orta \u00f6l\u00e7ekli sanayi b\u00f6lgesinde yolun kar\u015f\u0131s\u0131na ge\u00e7meye \u00e7al\u0131\u015fan 59 ya\u015f\u0131ndaki Bekir G\u00fcl, otomobil \u00e7arpmas\u0131 sonucu hayat\u0131n\u0131 kaybetti.<br \/>\n<br \/>Edinilen bilgiye g\u00f6re, Yusuf K. y\u00f6netimindeki 43 NL 888 plakal\u0131 ara\u00e7 Emet-Hisarc\u0131k orta \u00f6l\u00e7ekli sanayi b\u00f6lgesinde kar\u015f\u0131ya ge\u00e7meye \u00e7al\u0131\u015fan Bekir G\u00fcl\u2019e \u00e7arpt\u0131. \u00c7arpman\u0131n etkisiyle a\u011f\u0131r yaralanan G\u00fcl, sa\u011fl\u0131k ekiplerince yap\u0131lan ilk m\u00fcdahalenin ard\u0131ndan Emet Dr. Faz\u0131l Do\u011fan Devlet Hastanesine kald\u0131r\u0131ld\u0131. Bekir G\u00fcl, burada yap\u0131lan t\u00fcm m\u00fcdahalelere ra\u011fmen kurtar\u0131lamayarak hayat\u0131n\u0131 kaybetti.<br \/>\n<br \/>Kazayla ilgili soru\u015fturma s\u00fcr\u00fcyor.<br \/><\/p>\n","protected":false},"excerpt":{"rendered":"<p>K\u00fctahya\u2019n\u0131n Emet il\u00e7esi orta \u00f6l\u00e7ekli sanayi b\u00f6lgesinde yolun kar\u015f\u0131s\u0131na ge\u00e7meye \u00e7al\u0131\u015fan 59 ya\u015f\u0131ndaki Bekir G\u00fcl, otomobil \u00e7arpmas\u0131 sonucu hayat\u0131n\u0131 kaybetti. Edinilen bilgiye g\u00f6re, Yusuf K. y\u00f6netimindeki 43 NL 888 plakal\u0131 ara\u00e7 Emet-Hisarc\u0131k orta \u00f6l\u00e7ekli sanayi b\u00f6lgesinde kar\u015f\u0131ya ge\u00e7meye \u00e7al\u0131\u015fan Bekir G\u00fcl\u2019e \u00e7arpt\u0131. \u00c7arpman\u0131n etkisiyle a\u011f\u0131r yaralanan G\u00fcl, sa\u011fl\u0131k ekiplerince yap\u0131lan ilk m\u00fcdahalenin ard\u0131ndan Emet Dr&#8230;.<\/p>\n","protected":false},"author":1,"featured_media":29461,"comment_status":"open","ping_status":"open","sticky":false,"template":"","format":"standard","meta":{"_crdt_document":"","footnotes":""},"categories":[5],"tags":[],"class_list":["post-29460","post","type-post","status-publish","format-standard","has-post-thumbnail","hentry","category-asayis"],"_links":{"self":[{"href":"https:\/\/www.egemtv.com\/index.php?rest_route=\/wp\/v2\/posts\/29460","targetHints":{"allow":["GET"]}}],"collection":[{"href":"https:\/\/www.egemtv.com\/index.php?rest_route=\/wp\/v2\/posts"}],"about":[{"href":"https:\/\/www.egemtv.com\/index.php?rest_route=\/wp\/v2\/types\/post"}],"author":[{"embeddable":true,"href":"https:\/\/www.egemtv.com\/index.php?rest_route=\/wp\/v2\/users\/1"}],"replies":[{"embeddable":true,"href":"https:\/\/www.egemtv.com\/index.php?rest_route=%2Fwp%2Fv2%2Fcomments&post=29460"}],"version-history":[{"count":1,"href":"https:\/\/www.egemtv.com\/index.php?rest_route=\/wp\/v2\/posts\/29460\/revisions"}],"predecessor-version":[{"id":29462,"href":"https:\/\/www.egemtv.com\/index.php?rest_route=\/wp\/v2\/posts\/29460\/revisions\/29462"}],"wp:featuredmedia":[{"embeddable":true,"href":"https:\/\/www.egemtv.com\/index.php?rest_route=\/wp\/v2\/media\/29461"}],"wp:attachment":[{"href":"https:\/\/www.egemtv.com\/index.php?rest_route=%2Fwp%2Fv2%2Fmedia&parent=29460"}],"wp:term":[{"taxonomy":"category","embeddable":true,"href":"https:\/\/www.egemtv.com\/index.php?rest_route=%2Fwp%2Fv2%2Fcategories&post=29460"},{"taxonomy":"post_tag","embeddable":true,"href":"https:\/\/www.egemtv.com\/index.php?rest_route=%2Fwp%2Fv2%2Ftags&post=29460"}],"curies":[{"name":"wp","href":"https:\/\/api.w.org\/{rel}","templated":true}]}}