{"id":29457,"date":"2025-05-17T11:56:24","date_gmt":"2025-05-17T08:56:24","guid":{"rendered":"https:\/\/www.egemtv.com\/?p=29457"},"modified":"2025-05-17T11:56:29","modified_gmt":"2025-05-17T08:56:29","slug":"okul-sporlari-futbol-genc-erkekler-turkiye-sampiyonasi-sona-erdi","status":"publish","type":"post","link":"https:\/\/www.egemtv.com\/?p=29457","title":{"rendered":"Okul Sporlar\u0131 Futbol Gen\u00e7 Erkekler T\u00fcrkiye \u015eampiyonas\u0131 sona erdi"},"content":{"rendered":"<p>19 May\u0131s Gen\u00e7lik Haftas\u0131 etkinlikleri \u00e7er\u00e7evesinde Okul Sporlar\u0131 Futbol Gen\u00e7 Erkekler T\u00fcrkiye \u015eampiyonas\u0131, Afyonkarahisar\u2019da b\u00fcy\u00fck bir heyecanla sona erdi.<br \/>\n<br \/>T\u00fcrkiye genelinden gelen 16 tak\u0131m ve 320 sporcunun kat\u0131ld\u0131\u011f\u0131 organizasyon, gen\u00e7 futbolcular\u0131n m\u00fccadele dolu performanslar\u0131na sahne oldu. \u015eampiyonada zirveye \u00e7\u0131kan tak\u0131m, Samsun\u2019u temsil eden \u00d6zel Canik U\u011fur Anadolu Lisesi oldu. Final kar\u015f\u0131la\u015fmalar\u0131n\u0131n ard\u0131ndan ikincili\u011fi Gaziantep temsilcisi Adil Sani Konuko\u011flu Spor Lisesi, \u00fc\u00e7\u00fcnc\u00fcl\u00fc\u011f\u00fc Rize\u2019den G\u00fcneysu Spor Lisesi, d\u00f6rd\u00fcnc\u00fcl\u00fc\u011f\u00fc ise \u015eanl\u0131urfa Spor Lisesi elde etti.<br \/>\n<br \/>Turnuvan\u0131n sonunda d\u00fczenlenen \u00f6d\u00fcl t\u00f6reninde dereceye giren tak\u0131mlara kupa ve madalyalar\u0131; Afyonkarahisar Valisi Do\u00e7. Dr. K\u00fcbra G\u00fcran Yi\u011fitba\u015f\u0131, Vali Yard\u0131mc\u0131s\u0131 Ali Ar\u0131kan, Gen\u00e7lik ve Spor \u0130l M\u00fcd\u00fcr\u00fc \u0130smail Hakk\u0131 Kasapo\u011flu, Okul Sporlar\u0131 Daire Ba\u015fkanl\u0131\u011f\u0131 \u015eube M\u00fcd\u00fcr\u00fc Samet Atilla ve Spor \u015eube M\u00fcd\u00fcr\u00fc Y\u0131lmaz Er\u015fen taraf\u0131ndan takdim edildi.<br \/><\/p>\n","protected":false},"excerpt":{"rendered":"<p>19 May\u0131s Gen\u00e7lik Haftas\u0131 etkinlikleri \u00e7er\u00e7evesinde Okul Sporlar\u0131 Futbol Gen\u00e7 Erkekler T\u00fcrkiye \u015eampiyonas\u0131, Afyonkarahisar\u2019da b\u00fcy\u00fck bir heyecanla sona erdi. T\u00fcrkiye genelinden gelen 16 tak\u0131m ve 320 sporcunun kat\u0131ld\u0131\u011f\u0131 organizasyon, gen\u00e7 futbolcular\u0131n m\u00fccadele dolu performanslar\u0131na sahne oldu. \u015eampiyonada zirveye \u00e7\u0131kan tak\u0131m, Samsun\u2019u temsil eden \u00d6zel Canik U\u011fur Anadolu Lisesi oldu. Final kar\u015f\u0131la\u015fmalar\u0131n\u0131n ard\u0131ndan ikincili\u011fi Gaziantep temsilcisi&#8230;<\/p>\n","protected":false},"author":1,"featured_media":29458,"comment_status":"open","ping_status":"open","sticky":false,"template":"","format":"standard","meta":{"_crdt_document":"","footnotes":""},"categories":[4],"tags":[],"class_list":["post-29457","post","type-post","status-publish","format-standard","has-post-thumbnail","hentry","category-spor"],"_links":{"self":[{"href":"https:\/\/www.egemtv.com\/index.php?rest_route=\/wp\/v2\/posts\/29457","targetHints":{"allow":["GET"]}}],"collection":[{"href":"https:\/\/www.egemtv.com\/index.php?rest_route=\/wp\/v2\/posts"}],"about":[{"href":"https:\/\/www.egemtv.com\/index.php?rest_route=\/wp\/v2\/types\/post"}],"author":[{"embeddable":true,"href":"https:\/\/www.egemtv.com\/index.php?rest_route=\/wp\/v2\/users\/1"}],"replies":[{"embeddable":true,"href":"https:\/\/www.egemtv.com\/index.php?rest_route=%2Fwp%2Fv2%2Fcomments&post=29457"}],"version-history":[{"count":1,"href":"https:\/\/www.egemtv.com\/index.php?rest_route=\/wp\/v2\/posts\/29457\/revisions"}],"predecessor-version":[{"id":29459,"href":"https:\/\/www.egemtv.com\/index.php?rest_route=\/wp\/v2\/posts\/29457\/revisions\/29459"}],"wp:featuredmedia":[{"embeddable":true,"href":"https:\/\/www.egemtv.com\/index.php?rest_route=\/wp\/v2\/media\/29458"}],"wp:attachment":[{"href":"https:\/\/www.egemtv.com\/index.php?rest_route=%2Fwp%2Fv2%2Fmedia&parent=29457"}],"wp:term":[{"taxonomy":"category","embeddable":true,"href":"https:\/\/www.egemtv.com\/index.php?rest_route=%2Fwp%2Fv2%2Fcategories&post=29457"},{"taxonomy":"post_tag","embeddable":true,"href":"https:\/\/www.egemtv.com\/index.php?rest_route=%2Fwp%2Fv2%2Ftags&post=29457"}],"curies":[{"name":"wp","href":"https:\/\/api.w.org\/{rel}","templated":true}]}}