{"id":29454,"date":"2025-05-17T11:37:18","date_gmt":"2025-05-17T08:37:18","guid":{"rendered":"https:\/\/www.egemtv.com\/?p=29454"},"modified":"2025-05-17T11:37:27","modified_gmt":"2025-05-17T08:37:27","slug":"fethiyede-suc-orgutlerine-yonelik-operasyon-11-gozalti-4-tutuklama","status":"publish","type":"post","link":"https:\/\/www.egemtv.com\/?p=29454","title":{"rendered":"Fethiye\u2019de su\u00e7 \u00f6rg\u00fctlerine y\u00f6nelik operasyon: 11 g\u00f6zalt\u0131, 4 tutuklama"},"content":{"rendered":"<p>Mu\u011fla\u2019n\u0131n Fethiye il\u00e7esinde ya\u011fma, yaralama, fuhu\u015fa te\u015fvik ve uyu\u015fturucu kullan\u0131m\u0131 gibi su\u00e7lara kar\u0131\u015ft\u0131\u011f\u0131 belirlenen \u015fah\u0131slara y\u00f6nelik d\u00fczenlenen operasyonda 4 ki\u015fi tutuklanarak cezaevine g\u00f6nderildi.<\/p>\n<p>Fethiye \u0130l\u00e7e Emniyet M\u00fcd\u00fcrl\u00fc\u011f\u00fc ekiplerince Ya\u011fma, Kasten Yaralama, Fuhu\u015fa Te\u015fvik ve Arac\u0131l\u0131k Etme, Mala Zarar Verme ile Uyu\u015fturucu Madde Kullan\u0131m\u0131 su\u00e7lar\u0131n\u0131 i\u015fleyen \u015fah\u0131slara y\u00f6nelik y\u00fcr\u00fct\u00fclen \u00e7al\u0131\u015fmalar kapsam\u0131nda bir operasyon ger\u00e7ekle\u015ftirildi. Ger\u00e7ekle\u015ftirilen operasyon sonucunda 11 \u015f\u00fcpheli \u015fah\u0131s yakaland\u0131. G\u00f6zalt\u0131na al\u0131nanlardan 2\u2019sinin yabanc\u0131 uyruklu oldu\u011fu tespit edilirken, bu ki\u015filer Ula Geri G\u00f6nderme Merkezi\u2019ne teslim edildi. \u015e\u00fcphelilerden 1 ki\u015fi adli kontrol \u015fart\u0131yla serbest b\u0131rak\u0131l\u0131rken, 4 \u015f\u00fcpheli \u015fah\u0131s ise adli makamlarca tutuklanarak cezaevine teslim edildi.<br \/><\/p>\n","protected":false},"excerpt":{"rendered":"<p>Mu\u011fla\u2019n\u0131n Fethiye il\u00e7esinde ya\u011fma, yaralama, fuhu\u015fa te\u015fvik ve uyu\u015fturucu kullan\u0131m\u0131 gibi su\u00e7lara kar\u0131\u015ft\u0131\u011f\u0131 belirlenen \u015fah\u0131slara y\u00f6nelik d\u00fczenlenen operasyonda 4 ki\u015fi tutuklanarak cezaevine g\u00f6nderildi. Fethiye \u0130l\u00e7e Emniyet M\u00fcd\u00fcrl\u00fc\u011f\u00fc ekiplerince Ya\u011fma, Kasten Yaralama, Fuhu\u015fa Te\u015fvik ve Arac\u0131l\u0131k Etme, Mala Zarar Verme ile Uyu\u015fturucu Madde Kullan\u0131m\u0131 su\u00e7lar\u0131n\u0131 i\u015fleyen \u015fah\u0131slara y\u00f6nelik y\u00fcr\u00fct\u00fclen \u00e7al\u0131\u015fmalar kapsam\u0131nda bir operasyon ger\u00e7ekle\u015ftirildi. Ger\u00e7ekle\u015ftirilen operasyon&#8230;<\/p>\n","protected":false},"author":1,"featured_media":29455,"comment_status":"open","ping_status":"open","sticky":false,"template":"","format":"standard","meta":{"_crdt_document":"","footnotes":""},"categories":[5],"tags":[],"class_list":["post-29454","post","type-post","status-publish","format-standard","has-post-thumbnail","hentry","category-asayis"],"_links":{"self":[{"href":"https:\/\/www.egemtv.com\/index.php?rest_route=\/wp\/v2\/posts\/29454","targetHints":{"allow":["GET"]}}],"collection":[{"href":"https:\/\/www.egemtv.com\/index.php?rest_route=\/wp\/v2\/posts"}],"about":[{"href":"https:\/\/www.egemtv.com\/index.php?rest_route=\/wp\/v2\/types\/post"}],"author":[{"embeddable":true,"href":"https:\/\/www.egemtv.com\/index.php?rest_route=\/wp\/v2\/users\/1"}],"replies":[{"embeddable":true,"href":"https:\/\/www.egemtv.com\/index.php?rest_route=%2Fwp%2Fv2%2Fcomments&post=29454"}],"version-history":[{"count":1,"href":"https:\/\/www.egemtv.com\/index.php?rest_route=\/wp\/v2\/posts\/29454\/revisions"}],"predecessor-version":[{"id":29456,"href":"https:\/\/www.egemtv.com\/index.php?rest_route=\/wp\/v2\/posts\/29454\/revisions\/29456"}],"wp:featuredmedia":[{"embeddable":true,"href":"https:\/\/www.egemtv.com\/index.php?rest_route=\/wp\/v2\/media\/29455"}],"wp:attachment":[{"href":"https:\/\/www.egemtv.com\/index.php?rest_route=%2Fwp%2Fv2%2Fmedia&parent=29454"}],"wp:term":[{"taxonomy":"category","embeddable":true,"href":"https:\/\/www.egemtv.com\/index.php?rest_route=%2Fwp%2Fv2%2Fcategories&post=29454"},{"taxonomy":"post_tag","embeddable":true,"href":"https:\/\/www.egemtv.com\/index.php?rest_route=%2Fwp%2Fv2%2Ftags&post=29454"}],"curies":[{"name":"wp","href":"https:\/\/api.w.org\/{rel}","templated":true}]}}