{"id":29451,"date":"2025-05-17T11:37:12","date_gmt":"2025-05-17T08:37:12","guid":{"rendered":"https:\/\/www.egemtv.com\/?p=29451"},"modified":"2025-05-17T11:37:17","modified_gmt":"2025-05-17T08:37:17","slug":"baskan-zencirci-ozgur-ozeli-agirladi","status":"publish","type":"post","link":"https:\/\/www.egemtv.com\/?p=29451","title":{"rendered":"Ba\u015fkan Zencirci, \u00d6zg\u00fcr \u00d6zel\u2019i a\u011f\u0131rlad\u0131"},"content":{"rendered":"<p>Didim ve Ku\u015fadas\u0131 belediyelerinin toplu a\u00e7\u0131l\u0131\u015f t\u00f6renlerini ger\u00e7ekle\u015ftirmek i\u00e7in Ayd\u0131n\u2019a gelen Cumhuriyet Halk Partisi (CHP) Genel Ba\u015fkan\u0131 \u00d6zg\u00fcr \u00d6zel, yo\u011fun ve yorucu bir g\u00fcn\u00fcn ard\u0131ndan Germencik Belediye Ba\u015fkan\u0131 Burak Zencirci\u2019yle birlikte Germencik\u2019e geldi.<br \/>\n<br \/>\u00c7\u00f6p \u015fi\u015f sevdi\u011fi bilinen Genel Ba\u015fkan \u00d6zel\u2019e co\u011frafi i\u015faretli \u00e7\u00f6p \u015fi\u015f ikram edildi. Ba\u015fkan Zencirci\u2019yle yemek yiyen ve bir s\u00fcre sohbet eden \u00d6zel ard\u0131ndan  vatanda\u015flarla g\u00f6r\u00fc\u015f\u00fcp hat\u0131ra foto\u011fraf\u0131 \u00e7ektirdi. \u00d6zel, Ba\u015fkan Zencirci ve vatanda\u015flara samimiyetleri ve ilgileri i\u00e7in te\u015fekk\u00fcr etti. Ba\u015fkan Zencirci de Genel Ba\u015fkan \u00d6zel\u2019e ziyaretlerinden dolay\u0131 b\u00fcy\u00fck bir mutluluk ve onur duydu\u011funu ifade ederek il\u00e7e halk\u0131 ad\u0131na te\u015fekk\u00fcrlerini sundu.<br \/>\n<br \/>Ku\u015fadas\u0131 ve Didim\u2019de ger\u00e7ekle\u015fen yo\u011fun ve yorucu bir program\u0131n ard\u0131ndan Germencik\u2019e gelen \u00d6zg\u00fcr \u00d6zel\u2019e te\u015fekk\u00fcr eden Ba\u015fkan Zencirci onur ve mutluluk duyduk dedi. Ba\u015fkan Zencirci&#8221; Genel Ba\u015fkan\u0131m\u0131z\u0131 dolu dolu ancak bir o kadar da yorucu bir g\u00fcn\u00fcn ard\u0131ndan Germencik\u2019te a\u011f\u0131rlad\u0131k. Program d\u0131\u015f\u0131na \u00e7\u0131karak il\u00e7emizi hususi ziyaret etmesi bizleri mutlu etti. Kendisini il\u00e7emizde a\u011f\u0131rlamaktan onur ve mutluluk duyduk. Te\u015fekk\u00fcrlerimi ve sayg\u0131lar\u0131m\u0131 sunuyorum&#8221; dedi.<br \/><\/p>\n","protected":false},"excerpt":{"rendered":"<p>Didim ve Ku\u015fadas\u0131 belediyelerinin toplu a\u00e7\u0131l\u0131\u015f t\u00f6renlerini ger\u00e7ekle\u015ftirmek i\u00e7in Ayd\u0131n\u2019a gelen Cumhuriyet Halk Partisi (CHP) Genel Ba\u015fkan\u0131 \u00d6zg\u00fcr \u00d6zel, yo\u011fun ve yorucu bir g\u00fcn\u00fcn ard\u0131ndan Germencik Belediye Ba\u015fkan\u0131 Burak Zencirci\u2019yle birlikte Germencik\u2019e geldi. \u00c7\u00f6p \u015fi\u015f sevdi\u011fi bilinen Genel Ba\u015fkan \u00d6zel\u2019e co\u011frafi i\u015faretli \u00e7\u00f6p \u015fi\u015f ikram edildi. Ba\u015fkan Zencirci\u2019yle yemek yiyen ve bir s\u00fcre sohbet eden&#8230;<\/p>\n","protected":false},"author":1,"featured_media":29452,"comment_status":"open","ping_status":"open","sticky":false,"template":"","format":"standard","meta":{"_crdt_document":"","footnotes":""},"categories":[1],"tags":[],"class_list":["post-29451","post","type-post","status-publish","format-standard","has-post-thumbnail","hentry","category-guncel"],"_links":{"self":[{"href":"https:\/\/www.egemtv.com\/index.php?rest_route=\/wp\/v2\/posts\/29451","targetHints":{"allow":["GET"]}}],"collection":[{"href":"https:\/\/www.egemtv.com\/index.php?rest_route=\/wp\/v2\/posts"}],"about":[{"href":"https:\/\/www.egemtv.com\/index.php?rest_route=\/wp\/v2\/types\/post"}],"author":[{"embeddable":true,"href":"https:\/\/www.egemtv.com\/index.php?rest_route=\/wp\/v2\/users\/1"}],"replies":[{"embeddable":true,"href":"https:\/\/www.egemtv.com\/index.php?rest_route=%2Fwp%2Fv2%2Fcomments&post=29451"}],"version-history":[{"count":1,"href":"https:\/\/www.egemtv.com\/index.php?rest_route=\/wp\/v2\/posts\/29451\/revisions"}],"predecessor-version":[{"id":29453,"href":"https:\/\/www.egemtv.com\/index.php?rest_route=\/wp\/v2\/posts\/29451\/revisions\/29453"}],"wp:featuredmedia":[{"embeddable":true,"href":"https:\/\/www.egemtv.com\/index.php?rest_route=\/wp\/v2\/media\/29452"}],"wp:attachment":[{"href":"https:\/\/www.egemtv.com\/index.php?rest_route=%2Fwp%2Fv2%2Fmedia&parent=29451"}],"wp:term":[{"taxonomy":"category","embeddable":true,"href":"https:\/\/www.egemtv.com\/index.php?rest_route=%2Fwp%2Fv2%2Fcategories&post=29451"},{"taxonomy":"post_tag","embeddable":true,"href":"https:\/\/www.egemtv.com\/index.php?rest_route=%2Fwp%2Fv2%2Ftags&post=29451"}],"curies":[{"name":"wp","href":"https:\/\/api.w.org\/{rel}","templated":true}]}}