{"id":29448,"date":"2025-05-17T11:37:04","date_gmt":"2025-05-17T08:37:04","guid":{"rendered":"https:\/\/www.egemtv.com\/?p=29448"},"modified":"2025-05-17T11:37:12","modified_gmt":"2025-05-17T08:37:12","slug":"emetten-29-haci-adayi-kutsal-topraklara-dualarla-ugurlandi","status":"publish","type":"post","link":"https:\/\/www.egemtv.com\/?p=29448","title":{"rendered":"Emet\u2019ten 29 hac\u0131 aday\u0131 kutsal topraklara dualarla u\u011furland\u0131"},"content":{"rendered":"<p>K\u00fctahya\u2019n\u0131n Emet il\u00e7esinde hac farizas\u0131n\u0131 yerine getirmek \u00fczere kutsal topraklara gidecek 29 hac\u0131 aday\u0131 i\u00e7in u\u011furlama program\u0131 d\u00fczenlendi.<br \/>\n<br \/>\u0130l\u00e7e M\u00fcft\u00fcl\u00fc\u011f\u00fc taraf\u0131ndan \u00c7avu\u015fo\u011flu Camii \u00f6n\u00fcnde d\u00fczenlenen t\u00f6rene din g\u00f6revlileri, hac\u0131 adaylar\u0131n\u0131n yak\u0131nlar\u0131 ve \u00e7ok say\u0131da vatanda\u015f kat\u0131ld\u0131. Programda \u0130l\u00e7e M\u00fcft\u00fcs\u00fc \u0130smail \u00c7\u0131nar taraf\u0131ndan helalle\u015ftirme ve dua yap\u0131ld\u0131. Hac\u0131 adaylar\u0131na hay\u0131rl\u0131 yolculuklar dileyen yak\u0131nlar\u0131, kutsal topraklarda yapacaklar\u0131 dualar\u0131nda memleketi unutmamalar\u0131 ricas\u0131nda bulundu. Dualar e\u015fli\u011finde u\u011furlanan hac\u0131 adaylar\u0131, yak\u0131nlar\u0131yla vedala\u015f\u0131rken zaman zaman duygusal anlar ya\u015fand\u0131.<br \/><\/p>\n","protected":false},"excerpt":{"rendered":"<p>K\u00fctahya\u2019n\u0131n Emet il\u00e7esinde hac farizas\u0131n\u0131 yerine getirmek \u00fczere kutsal topraklara gidecek 29 hac\u0131 aday\u0131 i\u00e7in u\u011furlama program\u0131 d\u00fczenlendi. \u0130l\u00e7e M\u00fcft\u00fcl\u00fc\u011f\u00fc taraf\u0131ndan \u00c7avu\u015fo\u011flu Camii \u00f6n\u00fcnde d\u00fczenlenen t\u00f6rene din g\u00f6revlileri, hac\u0131 adaylar\u0131n\u0131n yak\u0131nlar\u0131 ve \u00e7ok say\u0131da vatanda\u015f kat\u0131ld\u0131. Programda \u0130l\u00e7e M\u00fcft\u00fcs\u00fc \u0130smail \u00c7\u0131nar taraf\u0131ndan helalle\u015ftirme ve dua yap\u0131ld\u0131. Hac\u0131 adaylar\u0131na hay\u0131rl\u0131 yolculuklar dileyen yak\u0131nlar\u0131, kutsal topraklarda yapacaklar\u0131&#8230;<\/p>\n","protected":false},"author":1,"featured_media":29449,"comment_status":"open","ping_status":"open","sticky":false,"template":"","format":"standard","meta":{"_crdt_document":"","footnotes":""},"categories":[123],"tags":[],"class_list":["post-29448","post","type-post","status-publish","format-standard","has-post-thumbnail","hentry","category-gundem"],"_links":{"self":[{"href":"https:\/\/www.egemtv.com\/index.php?rest_route=\/wp\/v2\/posts\/29448","targetHints":{"allow":["GET"]}}],"collection":[{"href":"https:\/\/www.egemtv.com\/index.php?rest_route=\/wp\/v2\/posts"}],"about":[{"href":"https:\/\/www.egemtv.com\/index.php?rest_route=\/wp\/v2\/types\/post"}],"author":[{"embeddable":true,"href":"https:\/\/www.egemtv.com\/index.php?rest_route=\/wp\/v2\/users\/1"}],"replies":[{"embeddable":true,"href":"https:\/\/www.egemtv.com\/index.php?rest_route=%2Fwp%2Fv2%2Fcomments&post=29448"}],"version-history":[{"count":1,"href":"https:\/\/www.egemtv.com\/index.php?rest_route=\/wp\/v2\/posts\/29448\/revisions"}],"predecessor-version":[{"id":29450,"href":"https:\/\/www.egemtv.com\/index.php?rest_route=\/wp\/v2\/posts\/29448\/revisions\/29450"}],"wp:featuredmedia":[{"embeddable":true,"href":"https:\/\/www.egemtv.com\/index.php?rest_route=\/wp\/v2\/media\/29449"}],"wp:attachment":[{"href":"https:\/\/www.egemtv.com\/index.php?rest_route=%2Fwp%2Fv2%2Fmedia&parent=29448"}],"wp:term":[{"taxonomy":"category","embeddable":true,"href":"https:\/\/www.egemtv.com\/index.php?rest_route=%2Fwp%2Fv2%2Fcategories&post=29448"},{"taxonomy":"post_tag","embeddable":true,"href":"https:\/\/www.egemtv.com\/index.php?rest_route=%2Fwp%2Fv2%2Ftags&post=29448"}],"curies":[{"name":"wp","href":"https:\/\/api.w.org\/{rel}","templated":true}]}}