{"id":29445,"date":"2025-05-17T11:36:58","date_gmt":"2025-05-17T08:36:58","guid":{"rendered":"https:\/\/www.egemtv.com\/?p=29445"},"modified":"2025-05-17T11:37:04","modified_gmt":"2025-05-17T08:37:04","slug":"esnafin-sorunlari-izmirde-masaya-yatirildi","status":"publish","type":"post","link":"https:\/\/www.egemtv.com\/?p=29445","title":{"rendered":"Esnaf\u0131n sorunlar\u0131 \u0130zmir\u2019de masaya yat\u0131r\u0131ld\u0131"},"content":{"rendered":"<p>T\u00fcrkiye Esnaf ve Sanatk\u00e2rlar\u0131 Konfederasyonu (TESK) taraf\u0131ndan d\u00fczenlenen &#8220;B\u00f6lge Esnaf ve Sanatk\u00e2rlar\u0131n\u0131n Sorunlar\u0131 ve \u00c7\u00f6z\u00fcm \u00d6nerilerinin \u0130sti\u015fare Edilmesi Toplant\u0131s\u0131&#8221;, \u0130zmir\u2019de Birlik, Federasyon ve Oda Ba\u015fkanlar\u0131n\u0131n kat\u0131l\u0131m\u0131 ile ger\u00e7ekle\u015ftirildi.<br \/>\n<br \/>Esnaf ve sanatk\u00e2rlar\u0131n g\u00fcncel sorunlar\u0131n\u0131n ele al\u0131nd\u0131\u011f\u0131 toplant\u0131ya Afyonkarahisar, Bal\u0131kesir, Denizli, K\u00fctahya, Manisa, Mu\u011fla, U\u015fak, Burdur ve Ayd\u0131n illerinde faaliyet g\u00f6steren Birlik Ba\u015fkan ve Y\u00f6netim kurulu \u00fcyeleri ile Genel Sekreterler, Federasyon ve Bakkallar Odas\u0131 Ba\u015fkanlar\u0131 kat\u0131ld\u0131. Toplant\u0131ya ayr\u0131ca Esnaf, Sanatk\u00e2rlar ve Kooperatif\u00e7ilik Genel M\u00fcd\u00fcr\u00fc Taha Enes \u015eener de i\u015ftirak etti. B\u00f6lge toplant\u0131s\u0131nda mevcut ekonomik \u015fartlar\u0131n esnaf ve sanatk\u00e2rlar \u00fczerindeki etkileri, \u00e7\u00f6z\u00fcm bekleyen yap\u0131sal sorunlar ve b\u00f6lgesel talepler t\u00fcm y\u00f6nleriyle ele al\u0131nd\u0131. Toplant\u0131 kapsam\u0131nda, birlik ba\u015fkanlar\u0131 da s\u00f6z alarak kendi ilerindeki \u00f6ncelikli sorunlar\u0131, sahadan gelen \u00f6nerileri ve esnaf\u0131n beklentilerini dile getirdiler.<\/p>\n<p>&#8220;5362 say\u0131l\u0131 kanun de\u011fi\u015fmeli&#8221;<br \/>\n<br \/>Toplant\u0131da konu\u015fan T\u00fcrkiye Esnaf ve Sanatkarlar Konfederasyonu (TESK) Genel Ba\u015fkan\u0131 Bendevi Paland\u00f6ken, &#8220;Bug\u00fcn \u00fclkemizde cereyan eden olu\u015fumlar, hakikaten \u00fclkemizde art\u0131k esnaf ve sanatk\u00e2r meselesinin de halledilebilece\u011fi bir alana \u00e7ekilmesini Allah nasip eder. T\u00fcrkiye bir de\u011fi\u015fim s\u00fcrecinde. Art\u0131k bizim sevkle idare etti\u011fimiz kanunlar yani 5362 say\u0131l\u0131 Kanun\u2019un bir\u00e7ok maddesinin yenilenmesi, de\u011fi\u015fmesi ve haks\u0131z rekabetin \u00f6n\u00fcne ge\u00e7ecek \u015fekilde d\u00fczenlenmesi gerekiyor. Ayn\u0131 \u015fekilde, NACE kodlar\u0131n\u0131n bir an evvel \u00e7\u00f6z\u00fcme kavu\u015fturulmas\u0131, meslek dallar\u0131ndaki odalardaki \u00fcyelerin tekrar bu mesleklere d\u00f6nd\u00fcr\u00fclmesi gibi uzunca bir s\u00fcre\u00e7 var. Herkesin rahats\u0131zl\u0131\u011f\u0131 bu y\u00f6nde. Ayr\u0131ca motorize grubun sorunlar\u0131 var. Servis ara\u00e7lar\u0131nda da ayn\u0131 \u015fekilde, onlara gelecek emniyet kurallar\u0131na uygun \u00e7al\u0131\u015f\u0131lmas\u0131 laz\u0131m gelen meseleler var. Bunlar hayli kalabal\u0131k bir dosya. S\u00f6yledi\u011fimiz bir\u00e7ok \u015fey hallediliyor ama temel sorunlar\u0131n \u00e7\u00f6z\u00fcm\u00fcnde s\u0131k\u0131nt\u0131lar devam ediyor&#8221; dedi.<\/p>\n<p>&#8220;\u0130\u015f yeri kiralar\u0131ndaki stopaj kald\u0131r\u0131lmal\u0131&#8221;<br \/>\n<br \/>Stopaj\u0131n kald\u0131r\u0131lmamas\u0131 y\u00fcz\u00fcnden i\u015fyeri kiralar\u0131ndaki art\u0131\u015f\u0131n b\u00fcy\u00fck bir y\u00fck oldu\u011funa i\u015faret eden TESK Genel Ba\u015fkan\u0131 Bendevi Paland\u00f6ken, &#8220;Mesela ne gibi s\u0131k\u0131nt\u0131lar devam ediyor? Kiralardaki art\u0131\u015f\u0131n sebebi, stopaj\u0131n kalkmamas\u0131d\u0131r. Hem devlet zarar ediyor hem de \u00e7ifte vergi oluyor. Siz bunu mal sahibinden, beyan etti\u011fi vergiden alm\u0131yor musunuz? Bir de esnafa bunu niye y\u00fckl\u00fcyorsunuz? Y\u00fczde 20 stopaj demek, bug\u00fcn 20 bin liradan a\u015fa\u011f\u0131 kira olmad\u0131\u011f\u0131na g\u00f6re, 4 bin liray\u0131 da oraya veriyorsunuz. Ayn\u0131 \u015fekilde, muhasebe \u00fccretlerinde \u00e7ok b\u00fcy\u00fck bir fiyat art\u0131\u015f\u0131 var. Defter tasdiklerinde de \u00f6yle. Yine ayn\u0131 \u015fekilde, en b\u00fcy\u00fck s\u0131k\u0131nt\u0131lardan biri lokantac\u0131 esnaf\u0131n\u0131n ya\u015fad\u0131\u011f\u0131 durumdur. Y\u00fczde 1 KDV ile girip y\u00fczde 10 KDV ile \u00e7\u0131k\u0131yor. Bu durum esnaf\u0131n ma\u011fduriyetine ve fiyatlar\u0131n y\u00fckselmesine sebep oluyor&#8221; \u015feklinde konu\u015ftu.<\/p>\n<p>&#8220;Esnaf ve sanatkarlar\u0131n \u00e7al\u0131\u015fma hayat\u0131 kolayla\u015ft\u0131r\u0131lmal\u0131&#8221;<br \/>\n<br \/>Esnaf ve sanatkarlar\u0131n ayakta kalabilmesi i\u00e7in tedbirlerin al\u0131nmas\u0131 gerekti\u011finin alt\u0131n\u0131n \u00e7izen Paland\u00f6ken, &#8220;Esnaf\u0131n \u00e7al\u0131\u015fma hayat\u0131n\u0131n kolayla\u015ft\u0131r\u0131ld\u0131\u011f\u0131 gibi, ayakta kalmas\u0131n\u0131n da sa\u011flanmas\u0131 i\u00e7in tedbirlerin al\u0131nmas\u0131 laz\u0131m. Esnaf\u0131n ekonomideki yeri \u00e7ok kritiktir. O y\u00fczden rekabet\u00e7i piyasalarda kendini ayakta tutabilmesi, \u00fclkenin menfaatine. Vatanda\u015fa bir \u015fey oldu\u011fu zaman ilk imdada yeti\u015fen esnaf ve sanatk\u00e2rlard\u0131r. Kredi kart\u0131yla \u00fcr\u00fcn sat\u0131yorsunuz. Kredi kart\u0131 d\u00f6n\u00fc\u015f\u00fcn\u00fc sa\u011flaman\u0131z i\u00e7in, o paray\u0131 kullanabilece\u011finiz zamanda, satt\u0131\u011f\u0131n\u0131z \u00fcr\u00fcndeki kazanc\u0131n\u0131z kadar banka komisyon kesiyor. Bu komisyon oranlar\u0131 d\u00fczenlenmeli. \u00d6te yandan t\u00fcm ara\u00e7lar\u0131n akaryak\u0131tlar\u0131nda, yatlardaki verilen fiyatla ticari ara\u00e7lara verilen yak\u0131t aras\u0131nda fark var. Kamyonlara, kamyonetlere, taksilere \u00d6zel ara\u00e7lar\u0131 demiyorum, ticari ara\u00e7lardan bahsediyorum. Yatlar veya tekneler \u00f6zel \u015fah\u0131slar\u0131n. \u015eimdi bunlardaki indirim, ayn\u0131 \u015fekilde bu esnaf kitlesine verilse nihai t\u00fcketici bundan istifade edecek. Ama maalesef halen bunu d\u00fczeltemedik. Bahsetti\u011fim d\u00fczenlemelerin yap\u0131lmas\u0131 esnaf i\u00e7in olmazsa olmaz&#8221; ifadelerini kulland\u0131.<\/p>\n<p>&#8220;Esnaf ve sanatkarlar toplumun her alan\u0131nda kal\u0131c\u0131 iz b\u0131rak\u0131r&#8221;<br \/>\n<br \/>Toplant\u0131da konu\u015fan Esnaf, Sanatk\u00e2rlar ve Kooperatif\u00e7ilik Genel M\u00fcd\u00fcr\u00fc Taha Enes \u015eener ise &#8220;Ticaret Bakanl\u0131\u011f\u0131 olarak da, Genel M\u00fcd\u00fcrl\u00fck olarak da toplumumuzun temel ta\u015flar\u0131n\u0131 olu\u015fturan siz de\u011ferli esnaf\u0131m\u0131zla birlikte, 2 milyon 260 bini a\u015fk\u0131n esnaf ve sanatk\u00e2r\u0131m\u0131za, 82 birli\u011fimizle, 13 federasyonumuzla ve \u00e7at\u0131 kurulu\u015fumuz olan Konfederasyonumuza hep birlikte hizmet \u00fcretiyoruz. Esnaf ve sanatk\u00e2rlar, sadece ekonomik kalk\u0131nmam\u0131za katk\u0131 sa\u011flamakla kalmay\u0131p, ayn\u0131 zamanda sosyal ya\u015fam\u0131m\u0131za de\u011fer katan, geleneklerimizi ya\u015fatan ve yerel k\u00fclt\u00fcr\u00fcm\u00fcz\u00fc s\u00fcrd\u00fcren \u00f6nemli fig\u00fcrler olarak toplumun her alan\u0131nda kal\u0131c\u0131 izler b\u0131rakmaktad\u0131r. Bu y\u00f6nleriyle adeta \u00fclkemizin bel kemi\u011fi niteli\u011finde olan esnaf ve sanatk\u00e2rlar\u0131m\u0131z\u0131n korunmas\u0131 ve g\u00fc\u00e7lenmesi i\u00e7in de devletimiz \u00f6zel \u00f6nem atfetmi\u015f ve bu amaca y\u00f6nelik tedbir ve deste\u011fi devaml\u0131 sa\u011flam\u0131\u015ft\u0131r&#8221; diye konu\u015ftu.<\/p>\n<p>&#8220;Bu toplant\u0131da esnaf\u0131n \u00f6n\u00fcn\u00fc a\u00e7acak \u00f6nemli kararlar \u00e7\u0131kacak&#8221;<br \/>\n<br \/>\u0130zmir ESOB Ba\u015fkan\u0131 Yal\u00e7\u0131n Ata da s\u00f6z alarak, &#8220;TESK\u2019in tertipledi\u011fi isti\u015fare toplant\u0131s\u0131n\u0131n son derece verimli ge\u00e7ti\u011fine, buradaki \u00e7al\u0131\u015fmalar\u0131m\u0131zdan T\u00fcrk esnaf ve sanatk\u00e2r\u0131n\u0131n \u00f6n\u00fcn\u00fc a\u00e7acak \u00f6nemli kararlar\u0131n \u00e7\u0131kaca\u011f\u0131na g\u00f6n\u00fclden inan\u0131yorum&#8221; ifadelerini kulland\u0131.<br \/>\n<br \/>Manisa ESOB Ba\u015fkan\u0131 Hasan Geriter de, &#8220;Bu toplant\u0131da birlikte olmaktan b\u00fcy\u00fck bir keyif ald\u0131\u011f\u0131m\u0131 ve toplant\u0131n\u0131n camiam\u0131z ad\u0131na olduk\u00e7a yararl\u0131 oldu\u011funa inan\u0131yorum&#8221; \u015feklinde konu\u015ftu.<br \/>\n<br \/>Toplant\u0131n\u0131n ard\u0131ndan yap\u0131lan de\u011ferlendirmede, bu t\u00fcr b\u00f6lgesel bulu\u015fmalar\u0131n te\u015fkilat i\u00e7inde ileti\u015fimi g\u00fc\u00e7lendirdi\u011fi ve sorunlar\u0131n yerinden \u00e7\u00f6z\u00fcm\u00fcne katk\u0131 sa\u011flad\u0131\u011f\u0131 vurguland\u0131.<br \/><\/p>\n","protected":false},"excerpt":{"rendered":"<p>T\u00fcrkiye Esnaf ve Sanatk\u00e2rlar\u0131 Konfederasyonu (TESK) taraf\u0131ndan d\u00fczenlenen &#8220;B\u00f6lge Esnaf ve Sanatk\u00e2rlar\u0131n\u0131n Sorunlar\u0131 ve \u00c7\u00f6z\u00fcm \u00d6nerilerinin \u0130sti\u015fare Edilmesi Toplant\u0131s\u0131&#8221;, \u0130zmir\u2019de Birlik, Federasyon ve Oda Ba\u015fkanlar\u0131n\u0131n kat\u0131l\u0131m\u0131 ile ger\u00e7ekle\u015ftirildi. Esnaf ve sanatk\u00e2rlar\u0131n g\u00fcncel sorunlar\u0131n\u0131n ele al\u0131nd\u0131\u011f\u0131 toplant\u0131ya Afyonkarahisar, Bal\u0131kesir, Denizli, K\u00fctahya, Manisa, Mu\u011fla, U\u015fak, Burdur ve Ayd\u0131n illerinde faaliyet g\u00f6steren Birlik Ba\u015fkan ve Y\u00f6netim kurulu \u00fcyeleri&#8230;<\/p>\n","protected":false},"author":1,"featured_media":29446,"comment_status":"open","ping_status":"open","sticky":false,"template":"","format":"standard","meta":{"_crdt_document":"","footnotes":""},"categories":[1],"tags":[],"class_list":["post-29445","post","type-post","status-publish","format-standard","has-post-thumbnail","hentry","category-guncel"],"_links":{"self":[{"href":"https:\/\/www.egemtv.com\/index.php?rest_route=\/wp\/v2\/posts\/29445","targetHints":{"allow":["GET"]}}],"collection":[{"href":"https:\/\/www.egemtv.com\/index.php?rest_route=\/wp\/v2\/posts"}],"about":[{"href":"https:\/\/www.egemtv.com\/index.php?rest_route=\/wp\/v2\/types\/post"}],"author":[{"embeddable":true,"href":"https:\/\/www.egemtv.com\/index.php?rest_route=\/wp\/v2\/users\/1"}],"replies":[{"embeddable":true,"href":"https:\/\/www.egemtv.com\/index.php?rest_route=%2Fwp%2Fv2%2Fcomments&post=29445"}],"version-history":[{"count":1,"href":"https:\/\/www.egemtv.com\/index.php?rest_route=\/wp\/v2\/posts\/29445\/revisions"}],"predecessor-version":[{"id":29447,"href":"https:\/\/www.egemtv.com\/index.php?rest_route=\/wp\/v2\/posts\/29445\/revisions\/29447"}],"wp:featuredmedia":[{"embeddable":true,"href":"https:\/\/www.egemtv.com\/index.php?rest_route=\/wp\/v2\/media\/29446"}],"wp:attachment":[{"href":"https:\/\/www.egemtv.com\/index.php?rest_route=%2Fwp%2Fv2%2Fmedia&parent=29445"}],"wp:term":[{"taxonomy":"category","embeddable":true,"href":"https:\/\/www.egemtv.com\/index.php?rest_route=%2Fwp%2Fv2%2Fcategories&post=29445"},{"taxonomy":"post_tag","embeddable":true,"href":"https:\/\/www.egemtv.com\/index.php?rest_route=%2Fwp%2Fv2%2Ftags&post=29445"}],"curies":[{"name":"wp","href":"https:\/\/api.w.org\/{rel}","templated":true}]}}