{"id":29433,"date":"2025-05-17T11:15:42","date_gmt":"2025-05-17T08:15:42","guid":{"rendered":"https:\/\/www.egemtv.com\/?p=29433"},"modified":"2025-05-17T11:15:48","modified_gmt":"2025-05-17T08:15:48","slug":"aydinda-45-milyon-degerinde-makaron-ele-gecirildi","status":"publish","type":"post","link":"https:\/\/www.egemtv.com\/?p=29433","title":{"rendered":"Ayd\u0131n\u2019da 4,5 milyon de\u011ferinde makaron ele ge\u00e7irildi"},"content":{"rendered":"<p>Ayd\u0131n\u2019\u0131n S\u00f6ke il\u00e7esinde jandarma ekiplerince yap\u0131lan bask\u0131nda yakla\u015f\u0131k 4 milyon 560 bin TL de\u011ferinde bo\u015f makaron ele ge\u00e7irildi.<br \/>\n<br \/>S\u00f6ke \u0130l\u00e7e Jandarma Komutanl\u0131\u011f\u0131 KOM Timi ve Organize Sanayi Jandarma Karakol Komutanl\u0131\u011f\u0131nca Sazl\u0131 Mahallesi\u2019nde A.D. isimli \u015fahsa ait i\u015fyerinde yap\u0131lan aramada bandrol\u00fc ve ge\u00e7ersiz yakla\u015f\u0131k 4 milyon 560 bin TL de\u011ferinde bo\u015f makaron ele ge\u00e7irildi. A.D. ve \u00d6.Y. isimli \u015f\u00fcpheli \u015fah\u0131slar yakalanarak g\u00f6zalt\u0131na al\u0131n\u0131rken, haklar\u0131nda ba\u015flat\u0131lan adli s\u00fcre\u00e7 devam ediyor.<br \/><\/p>\n","protected":false},"excerpt":{"rendered":"<p>Ayd\u0131n\u2019\u0131n S\u00f6ke il\u00e7esinde jandarma ekiplerince yap\u0131lan bask\u0131nda yakla\u015f\u0131k 4 milyon 560 bin TL de\u011ferinde bo\u015f makaron ele ge\u00e7irildi. S\u00f6ke \u0130l\u00e7e Jandarma Komutanl\u0131\u011f\u0131 KOM Timi ve Organize Sanayi Jandarma Karakol Komutanl\u0131\u011f\u0131nca Sazl\u0131 Mahallesi\u2019nde A.D. isimli \u015fahsa ait i\u015fyerinde yap\u0131lan aramada bandrol\u00fc ve ge\u00e7ersiz yakla\u015f\u0131k 4 milyon 560 bin TL de\u011ferinde bo\u015f makaron ele ge\u00e7irildi. A.D. ve&#8230;<\/p>\n","protected":false},"author":1,"featured_media":29434,"comment_status":"open","ping_status":"open","sticky":false,"template":"","format":"standard","meta":{"_crdt_document":"","footnotes":""},"categories":[5],"tags":[],"class_list":["post-29433","post","type-post","status-publish","format-standard","has-post-thumbnail","hentry","category-asayis"],"_links":{"self":[{"href":"https:\/\/www.egemtv.com\/index.php?rest_route=\/wp\/v2\/posts\/29433","targetHints":{"allow":["GET"]}}],"collection":[{"href":"https:\/\/www.egemtv.com\/index.php?rest_route=\/wp\/v2\/posts"}],"about":[{"href":"https:\/\/www.egemtv.com\/index.php?rest_route=\/wp\/v2\/types\/post"}],"author":[{"embeddable":true,"href":"https:\/\/www.egemtv.com\/index.php?rest_route=\/wp\/v2\/users\/1"}],"replies":[{"embeddable":true,"href":"https:\/\/www.egemtv.com\/index.php?rest_route=%2Fwp%2Fv2%2Fcomments&post=29433"}],"version-history":[{"count":1,"href":"https:\/\/www.egemtv.com\/index.php?rest_route=\/wp\/v2\/posts\/29433\/revisions"}],"predecessor-version":[{"id":29435,"href":"https:\/\/www.egemtv.com\/index.php?rest_route=\/wp\/v2\/posts\/29433\/revisions\/29435"}],"wp:featuredmedia":[{"embeddable":true,"href":"https:\/\/www.egemtv.com\/index.php?rest_route=\/wp\/v2\/media\/29434"}],"wp:attachment":[{"href":"https:\/\/www.egemtv.com\/index.php?rest_route=%2Fwp%2Fv2%2Fmedia&parent=29433"}],"wp:term":[{"taxonomy":"category","embeddable":true,"href":"https:\/\/www.egemtv.com\/index.php?rest_route=%2Fwp%2Fv2%2Fcategories&post=29433"},{"taxonomy":"post_tag","embeddable":true,"href":"https:\/\/www.egemtv.com\/index.php?rest_route=%2Fwp%2Fv2%2Ftags&post=29433"}],"curies":[{"name":"wp","href":"https:\/\/api.w.org\/{rel}","templated":true}]}}