{"id":29427,"date":"2025-05-17T10:56:50","date_gmt":"2025-05-17T07:56:50","guid":{"rendered":"https:\/\/www.egemtv.com\/?p=29427"},"modified":"2025-05-17T10:56:55","modified_gmt":"2025-05-17T07:56:55","slug":"goztepe-caykur-rizespor-deplasmaninda","status":"publish","type":"post","link":"https:\/\/www.egemtv.com\/?p=29427","title":{"rendered":"G\u00f6ztepe, \u00c7aykur Rizespor deplasman\u0131nda"},"content":{"rendered":"<p>Trendyol S\u00fcper Lig\u2019de oynad\u0131\u011f\u0131 son 4 ma\u00e7\u0131nda 2 galibiyet, 2 beraberlik elde eden G\u00f6ztepe, ligin 36. haftas\u0131nda yar\u0131n \u00c7aykur Rizespor\u2019a konuk olacak.<br \/>\n<br \/>Trendyol S\u00fcper Lig\u2019in 36. haftas\u0131nda G\u00f6ztepe, yar\u0131n saat 19.00\u2019da \u00c7aykur Rizespor\u2019a konuk olacak. Kar\u015f\u0131la\u015fma \u00f6ncesinde \u0130zmir ekibi, 12 galibiyet, 11 beraberlik ve 10 ma\u011flubiyetle 7. s\u0131rada yer al\u0131rken, Karadeniz ekibi ise 12 galibiyet, 4 beraberlik ve 17 ma\u011flubiyetle toplad\u0131\u011f\u0131 40 puanla 14. s\u0131rada bulunuyor. Ligde son 4 ma\u00e7\u0131nda 2 galibiyet, 2 beraberli\u011fe imza atan ve 47 puan\u0131 bulunan sar\u0131-k\u0131rm\u0131z\u0131l\u0131lar, rakibini hatas\u0131z bir \u015fekilde ge\u00e7erek Avrupa kupalar\u0131na gitme iddias\u0131n\u0131 s\u00fcrd\u00fcrmek istiyor.<br \/>\n<br \/>\u0130ki ekip aras\u0131ndaki m\u00fccadeleyi \u0130stanbul b\u00f6lgesi hakemlerinden O\u011fuzhan \u00c7ak\u0131r y\u00f6netecek.<br \/>\n<br \/>G\u00f6ztepe\u2019de sakatl\u0131klar\u0131 devam eden Isaac Solet, Do\u011fan Erdo\u011fan, \u0130smail K\u00f6yba\u015f\u0131, Djalma Silva ve Juan kadroda olmayacak. Sakatl\u0131klar\u0131n\u0131 atlatan Matsuki, Miroshi, Bokele ise Teknik Direkt\u00f6r Stoilov\u2019un g\u00f6rev vermesi durumunda forma giyebilece\u011fi ifade edildi.<br \/>\n<br \/>\u0130ki tak\u0131m aras\u0131nda ligin ilk yar\u0131s\u0131nda oynanan m\u00fcsabakay\u0131 G\u00f6ztepe 3-0\u2019l\u0131k skorla kazand\u0131.<br \/><\/p>\n","protected":false},"excerpt":{"rendered":"<p>Trendyol S\u00fcper Lig\u2019de oynad\u0131\u011f\u0131 son 4 ma\u00e7\u0131nda 2 galibiyet, 2 beraberlik elde eden G\u00f6ztepe, ligin 36. haftas\u0131nda yar\u0131n \u00c7aykur Rizespor\u2019a konuk olacak. Trendyol S\u00fcper Lig\u2019in 36. haftas\u0131nda G\u00f6ztepe, yar\u0131n saat 19.00\u2019da \u00c7aykur Rizespor\u2019a konuk olacak. Kar\u015f\u0131la\u015fma \u00f6ncesinde \u0130zmir ekibi, 12 galibiyet, 11 beraberlik ve 10 ma\u011flubiyetle 7. s\u0131rada yer al\u0131rken, Karadeniz ekibi ise 12 galibiyet,&#8230;<\/p>\n","protected":false},"author":1,"featured_media":29428,"comment_status":"open","ping_status":"open","sticky":false,"template":"","format":"standard","meta":{"_crdt_document":"","footnotes":""},"categories":[4],"tags":[],"class_list":["post-29427","post","type-post","status-publish","format-standard","has-post-thumbnail","hentry","category-spor"],"_links":{"self":[{"href":"https:\/\/www.egemtv.com\/index.php?rest_route=\/wp\/v2\/posts\/29427","targetHints":{"allow":["GET"]}}],"collection":[{"href":"https:\/\/www.egemtv.com\/index.php?rest_route=\/wp\/v2\/posts"}],"about":[{"href":"https:\/\/www.egemtv.com\/index.php?rest_route=\/wp\/v2\/types\/post"}],"author":[{"embeddable":true,"href":"https:\/\/www.egemtv.com\/index.php?rest_route=\/wp\/v2\/users\/1"}],"replies":[{"embeddable":true,"href":"https:\/\/www.egemtv.com\/index.php?rest_route=%2Fwp%2Fv2%2Fcomments&post=29427"}],"version-history":[{"count":1,"href":"https:\/\/www.egemtv.com\/index.php?rest_route=\/wp\/v2\/posts\/29427\/revisions"}],"predecessor-version":[{"id":29429,"href":"https:\/\/www.egemtv.com\/index.php?rest_route=\/wp\/v2\/posts\/29427\/revisions\/29429"}],"wp:featuredmedia":[{"embeddable":true,"href":"https:\/\/www.egemtv.com\/index.php?rest_route=\/wp\/v2\/media\/29428"}],"wp:attachment":[{"href":"https:\/\/www.egemtv.com\/index.php?rest_route=%2Fwp%2Fv2%2Fmedia&parent=29427"}],"wp:term":[{"taxonomy":"category","embeddable":true,"href":"https:\/\/www.egemtv.com\/index.php?rest_route=%2Fwp%2Fv2%2Fcategories&post=29427"},{"taxonomy":"post_tag","embeddable":true,"href":"https:\/\/www.egemtv.com\/index.php?rest_route=%2Fwp%2Fv2%2Ftags&post=29427"}],"curies":[{"name":"wp","href":"https:\/\/api.w.org\/{rel}","templated":true}]}}