{"id":29424,"date":"2025-05-17T10:37:17","date_gmt":"2025-05-17T07:37:17","guid":{"rendered":"https:\/\/www.egemtv.com\/?p=29424"},"modified":"2025-05-17T10:37:20","modified_gmt":"2025-05-17T07:37:20","slug":"aydin-jandarmasi-biyokacakcilara-goz-actirmiyor","status":"publish","type":"post","link":"https:\/\/www.egemtv.com\/?p=29424","title":{"rendered":"Ayd\u0131n jandarmas\u0131 biyoka\u00e7ak\u00e7\u0131lara g\u00f6z a\u00e7t\u0131rm\u0131yor"},"content":{"rendered":"<p>Ayd\u0131n\u2019\u0131n S\u00f6ke il\u00e7esi ile Mu\u011fla\u2019n\u0131n Milas il\u00e7esi s\u0131n\u0131rlar\u0131nda yer alan Bafa G\u00f6l\u00fc Tabiat Park\u0131\u2019nda Ayd\u0131n \u0130l Jandarma Komutanl\u0131\u011f\u0131 ekiplerince biyoka\u00e7ak\u00e7\u0131l\u0131k ile m\u00fccadele \u00e7er\u00e7evesinde denetim ger\u00e7ekle\u015ftirdi.<br \/>\n<br \/>T\u00fcrkiye\u2019nin \u00f6nemli sulak alanlar\u0131ndan olan ve denizden g\u00f6le d\u00f6n\u00fc\u015fen Bafa G\u00f6l\u00fc Tabiat Park\u0131, 8 bin y\u0131ll\u0131k insanl\u0131k tarihinde g\u00fcn\u00fcm\u00fcze ula\u015fan k\u00fclt\u00fcrel miraslar\u0131n yan\u0131 s\u0131ra \u00e7ok say\u0131da ku\u015f t\u00fcr\u00fc ile 200\u2019den fazla bal\u0131k t\u00fcr\u00fcne ev sahipli\u011fi yaparken, Ayd\u0131n \u0130l Jandarma Komutanl\u0131\u011f\u0131 \u00e7evre ve asayi\u015f timlerince, ka\u00e7ak bal\u0131k av\u0131n\u0131n ve biyoka\u00e7ak\u00e7\u0131l\u0131\u011f\u0131n \u00f6nlenmesi amac\u0131yla denetim ger\u00e7ekle\u015ftirdi. Denetimde bal\u0131klar\u0131n ve ku\u015flar\u0131n ya\u015fam alanlar\u0131 kontrol edilirken, g\u00f6lde tespit edilen kay\u0131k\u00e7\u0131lar da denetlendi.<br \/>\n<br \/>Konu ile ilgili Ayd\u0131n \u0130l Jandarma Komutanl\u0131\u011f\u0131\u2019ndan yap\u0131lan a\u00e7\u0131klamada &#8220;S\u00f6ke il\u00e7esi Bafa G\u00f6l\u00fc ve Menderes Deltas\u0131nda 1380 Say\u0131l\u0131 Su \u00dcr\u00fcnleri, 2872 Say\u0131l\u0131 \u00c7evre Koruma, 3621 Say\u0131l\u0131 K\u0131y\u0131, 5607 Say\u0131l\u0131 Ka\u00e7ak\u00e7\u0131l\u0131kla M\u00fccadele, 2863 Say\u0131l\u0131 K\u00fclt\u00fcr ve Tabiat Varl\u0131klar\u0131n\u0131 Koruma Kanunlar\u0131 ve G\u00f6\u00e7men Ka\u00e7ak\u00e7\u0131l\u0131\u011f\u0131 ile M\u00fccadele kapsam\u0131nda, i\u015flenebilecek su\u00e7lar\u0131  \u00f6nlemek ve tespit etmek, g\u00f6l  \u00fczerinde ya\u015fayan  nesli tehlike alt\u0131ndaki ku\u015f t\u00fcrlerinin kontrol\u00fcn\u00fc yapmak i\u00e7in K\u0131y\u0131 Kontrol Devriyesi icra edilmi\u015ftir&#8221; ifadeleri yer ald\u0131.<br \/><\/p>\n","protected":false},"excerpt":{"rendered":"<p>Ayd\u0131n\u2019\u0131n S\u00f6ke il\u00e7esi ile Mu\u011fla\u2019n\u0131n Milas il\u00e7esi s\u0131n\u0131rlar\u0131nda yer alan Bafa G\u00f6l\u00fc Tabiat Park\u0131\u2019nda Ayd\u0131n \u0130l Jandarma Komutanl\u0131\u011f\u0131 ekiplerince biyoka\u00e7ak\u00e7\u0131l\u0131k ile m\u00fccadele \u00e7er\u00e7evesinde denetim ger\u00e7ekle\u015ftirdi. T\u00fcrkiye\u2019nin \u00f6nemli sulak alanlar\u0131ndan olan ve denizden g\u00f6le d\u00f6n\u00fc\u015fen Bafa G\u00f6l\u00fc Tabiat Park\u0131, 8 bin y\u0131ll\u0131k insanl\u0131k tarihinde g\u00fcn\u00fcm\u00fcze ula\u015fan k\u00fclt\u00fcrel miraslar\u0131n yan\u0131 s\u0131ra \u00e7ok say\u0131da ku\u015f t\u00fcr\u00fc ile 200\u2019den&#8230;<\/p>\n","protected":false},"author":1,"featured_media":29425,"comment_status":"open","ping_status":"open","sticky":false,"template":"","format":"standard","meta":{"_crdt_document":"","footnotes":""},"categories":[1],"tags":[],"class_list":["post-29424","post","type-post","status-publish","format-standard","has-post-thumbnail","hentry","category-guncel"],"_links":{"self":[{"href":"https:\/\/www.egemtv.com\/index.php?rest_route=\/wp\/v2\/posts\/29424","targetHints":{"allow":["GET"]}}],"collection":[{"href":"https:\/\/www.egemtv.com\/index.php?rest_route=\/wp\/v2\/posts"}],"about":[{"href":"https:\/\/www.egemtv.com\/index.php?rest_route=\/wp\/v2\/types\/post"}],"author":[{"embeddable":true,"href":"https:\/\/www.egemtv.com\/index.php?rest_route=\/wp\/v2\/users\/1"}],"replies":[{"embeddable":true,"href":"https:\/\/www.egemtv.com\/index.php?rest_route=%2Fwp%2Fv2%2Fcomments&post=29424"}],"version-history":[{"count":1,"href":"https:\/\/www.egemtv.com\/index.php?rest_route=\/wp\/v2\/posts\/29424\/revisions"}],"predecessor-version":[{"id":29426,"href":"https:\/\/www.egemtv.com\/index.php?rest_route=\/wp\/v2\/posts\/29424\/revisions\/29426"}],"wp:featuredmedia":[{"embeddable":true,"href":"https:\/\/www.egemtv.com\/index.php?rest_route=\/wp\/v2\/media\/29425"}],"wp:attachment":[{"href":"https:\/\/www.egemtv.com\/index.php?rest_route=%2Fwp%2Fv2%2Fmedia&parent=29424"}],"wp:term":[{"taxonomy":"category","embeddable":true,"href":"https:\/\/www.egemtv.com\/index.php?rest_route=%2Fwp%2Fv2%2Fcategories&post=29424"},{"taxonomy":"post_tag","embeddable":true,"href":"https:\/\/www.egemtv.com\/index.php?rest_route=%2Fwp%2Fv2%2Ftags&post=29424"}],"curies":[{"name":"wp","href":"https:\/\/api.w.org\/{rel}","templated":true}]}}