{"id":29382,"date":"2025-05-17T08:35:47","date_gmt":"2025-05-17T05:35:47","guid":{"rendered":"https:\/\/www.egemtv.com\/?p=29382"},"modified":"2025-05-17T08:35:51","modified_gmt":"2025-05-17T05:35:51","slug":"baskan-tatik-bagimsizlik-atesinin-yakildigi-tavasta-zeybek-kulturunu-yasatacagiz","status":"publish","type":"post","link":"https:\/\/www.egemtv.com\/?p=29382","title":{"rendered":"Ba\u015fkan Tat\u0131k; &#8220;Ba\u011f\u0131ms\u0131zl\u0131k ate\u015finin yak\u0131ld\u0131\u011f\u0131 Tavas\u2019ta Zeybek k\u00fclt\u00fcr\u00fcn\u00fc ya\u015fataca\u011f\u0131z&#8221;"},"content":{"rendered":"<p>DEN\u0130ZL\u0130 (\u0130HA) \u2013 Denizli\u2019nin Tavas Belediye Ba\u015fkan\u0131 Kadir,   &#8220;\u0130\u015fgale kar\u015f\u0131 Anadolu\u2019daki ilk ba\u011f\u0131ms\u0131zl\u0131k ate\u015finin yak\u0131ld\u0131\u011f\u0131 il\u00e7elerden birisi olan Tavas\u2019ta Zeybek k\u00fclt\u00fcr\u00fcm\u00fcz\u00fc gelecek nesillere aktarmaya devam edece\u011fiz&#8221; dedi.<\/p>\n<p>Tavas Belediye Meclisi taraf\u0131ndan M\u00fcft\u00fc Cennetzade Tahir Efendi \u00f6nc\u00fcl\u00fc\u011f\u00fcnde i\u015fgale kar\u015f\u0131 Anadolu\u2019da ilk il\u00e7e mitinglerinden birisinin d\u00fczenlendi\u011fi 16 May\u0131s 1919 g\u00fcn\u00fc, 2016 y\u0131l\u0131nda &#8220;Zeybekler G\u00fcn\u00fc&#8221; olarak ilan edilmi\u015fti.<\/p>\n<p>16 May\u0131s Zeybekler G\u00fcn\u00fc, bu y\u0131l da d\u00fczenlenen \u00e7e\u015fitli etkinliklerle kutland\u0131. Tavas Belediye Ba\u015fkan\u0131 Kadir Tat\u0131k, il\u00e7e protokol\u00fcn\u00fcn de haz\u0131r bulundu\u011fu t\u00f6rende Milli M\u00fccadele ruhunun simgesi Zeybekleri anmak ve tarihe sahip \u00e7\u0131kmak ad\u0131na Atat\u00fcrk an\u0131t\u0131na \u00e7elenk sundu.<\/p>\n<p>T\u00f6ren sonras\u0131nda Zeybeklerle birlikte foto\u011fraf \u00e7ektiren Ba\u015fkan Kadir Tat\u0131k, &#8220;Tavas\u2019tan y\u00fckselen ba\u011f\u0131ms\u0131zl\u0131k ate\u015fi, M\u00fcft\u00fc Cennetzade Tahir Efendi \u00f6nc\u00fcl\u00fc\u011f\u00fcnde 16 May\u0131s 1919 sabah\u0131 halk\u0131 bir araya getirmi\u015f, i\u015fgale kar\u015f\u0131 Anadolu\u2019daki ilk il\u00e7e mitinglerinden biri d\u00fczenlenmi\u015ftir. Bu g\u00fc\u00e7l\u00fc direni\u015fin hat\u0131ras\u0131n\u0131 ya\u015fatmak amac\u0131yla Tavas Belediye Meclisimizin 03 Kas\u0131m 2016 tarih ve 2016\/12-189 say\u0131l\u0131 karar\u0131 ile 16 May\u0131s, Zeybekler G\u00fcn\u00fc olarak ilan edilmi\u015ftir. Bu de\u011ferli g\u00fcn\u00fc her y\u0131l ayn\u0131 kararl\u0131l\u0131kla anmaya ve Zeybek k\u00fclt\u00fcr\u00fcm\u00fcz\u00fc gelecek nesillere aktarmaya devam edece\u011fiz. Ba\u015fta Gazi Mustafa Kemal Atat\u00fcrk olmak \u00fczere t\u00fcm kurtulu\u015f kahramanlar\u0131m\u0131z\u0131 rahmet, minnet ve sayg\u0131yla an\u0131yoruz&#8221; dedi.<br \/><\/p>\n","protected":false},"excerpt":{"rendered":"<p>DEN\u0130ZL\u0130 (\u0130HA) \u2013 Denizli\u2019nin Tavas Belediye Ba\u015fkan\u0131 Kadir, &#8220;\u0130\u015fgale kar\u015f\u0131 Anadolu\u2019daki ilk ba\u011f\u0131ms\u0131zl\u0131k ate\u015finin yak\u0131ld\u0131\u011f\u0131 il\u00e7elerden birisi olan Tavas\u2019ta Zeybek k\u00fclt\u00fcr\u00fcm\u00fcz\u00fc gelecek nesillere aktarmaya devam edece\u011fiz&#8221; dedi. Tavas Belediye Meclisi taraf\u0131ndan M\u00fcft\u00fc Cennetzade Tahir Efendi \u00f6nc\u00fcl\u00fc\u011f\u00fcnde i\u015fgale kar\u015f\u0131 Anadolu\u2019da ilk il\u00e7e mitinglerinden birisinin d\u00fczenlendi\u011fi 16 May\u0131s 1919 g\u00fcn\u00fc, 2016 y\u0131l\u0131nda &#8220;Zeybekler G\u00fcn\u00fc&#8221; olarak ilan edilmi\u015fti&#8230;.<\/p>\n","protected":false},"author":1,"featured_media":29383,"comment_status":"open","ping_status":"open","sticky":false,"template":"","format":"standard","meta":{"_crdt_document":"","footnotes":""},"categories":[127],"tags":[],"class_list":["post-29382","post","type-post","status-publish","format-standard","has-post-thumbnail","hentry","category-siyaset"],"_links":{"self":[{"href":"https:\/\/www.egemtv.com\/index.php?rest_route=\/wp\/v2\/posts\/29382","targetHints":{"allow":["GET"]}}],"collection":[{"href":"https:\/\/www.egemtv.com\/index.php?rest_route=\/wp\/v2\/posts"}],"about":[{"href":"https:\/\/www.egemtv.com\/index.php?rest_route=\/wp\/v2\/types\/post"}],"author":[{"embeddable":true,"href":"https:\/\/www.egemtv.com\/index.php?rest_route=\/wp\/v2\/users\/1"}],"replies":[{"embeddable":true,"href":"https:\/\/www.egemtv.com\/index.php?rest_route=%2Fwp%2Fv2%2Fcomments&post=29382"}],"version-history":[{"count":1,"href":"https:\/\/www.egemtv.com\/index.php?rest_route=\/wp\/v2\/posts\/29382\/revisions"}],"predecessor-version":[{"id":29384,"href":"https:\/\/www.egemtv.com\/index.php?rest_route=\/wp\/v2\/posts\/29382\/revisions\/29384"}],"wp:featuredmedia":[{"embeddable":true,"href":"https:\/\/www.egemtv.com\/index.php?rest_route=\/wp\/v2\/media\/29383"}],"wp:attachment":[{"href":"https:\/\/www.egemtv.com\/index.php?rest_route=%2Fwp%2Fv2%2Fmedia&parent=29382"}],"wp:term":[{"taxonomy":"category","embeddable":true,"href":"https:\/\/www.egemtv.com\/index.php?rest_route=%2Fwp%2Fv2%2Fcategories&post=29382"},{"taxonomy":"post_tag","embeddable":true,"href":"https:\/\/www.egemtv.com\/index.php?rest_route=%2Fwp%2Fv2%2Ftags&post=29382"}],"curies":[{"name":"wp","href":"https:\/\/api.w.org\/{rel}","templated":true}]}}