{"id":29376,"date":"2025-05-17T08:35:38","date_gmt":"2025-05-17T05:35:38","guid":{"rendered":"https:\/\/www.egemtv.com\/?p=29376"},"modified":"2025-05-17T08:35:42","modified_gmt":"2025-05-17T05:35:42","slug":"ekin-uzunlar-ayazini-frig-vadisinde-unutulmaz-bir-konser-verdi","status":"publish","type":"post","link":"https:\/\/www.egemtv.com\/?p=29376","title":{"rendered":"Ekin Uzunlar, Ayazini Frig Vadisi\u2019nde unutulmaz bir konser verdi"},"content":{"rendered":"<p>Afyonkarahisar\u2019\u0131n tarihi Ayazini Frig Vadisi, K\u00fclt\u00fcr ve Turizm Bakanl\u0131\u011f\u0131\u2019n\u0131n katk\u0131lar\u0131yla d\u00fczenlenen Ya\u015fayan Miras Festivali \u00e7er\u00e7evesinde Ekin Uzunlar\u2019\u0131n konserine ev sahipli\u011fi yapt\u0131.<br \/>\n<br \/>Karadeniz m\u00fczi\u011finin sevilen ismi Ekin Uzunlar, g\u00fc\u00e7l\u00fc sahne performans\u0131 ve dillere pelesenk olmu\u015f eserleriyle izleyicilere unutulmaz bir gece ya\u015fatt\u0131. Tarihi atmosferde m\u00fczikle bulu\u015fan dinleyiciler, festival co\u015fkusunu doyas\u0131ya ya\u015fad\u0131. Konsere Afyonkarahisar Valisi Do\u00e7. Dr. K\u00fcbra G\u00fcran Yi\u011fitba\u015f\u0131 da kat\u0131ld\u0131. Vali Yi\u011fitba\u015f\u0131, festivalin k\u00fclt\u00fcrel miras\u0131 tan\u0131tmak ve b\u00f6lgenin turizm potansiyelini art\u0131rmak ad\u0131na \u00f6nemli bir rol \u00fcstlendi\u011fini belirterek, etkinli\u011fe katk\u0131 sa\u011flayan herkese te\u015fekk\u00fcr etti.<br \/><\/p>\n","protected":false},"excerpt":{"rendered":"<p>Afyonkarahisar\u2019\u0131n tarihi Ayazini Frig Vadisi, K\u00fclt\u00fcr ve Turizm Bakanl\u0131\u011f\u0131\u2019n\u0131n katk\u0131lar\u0131yla d\u00fczenlenen Ya\u015fayan Miras Festivali \u00e7er\u00e7evesinde Ekin Uzunlar\u2019\u0131n konserine ev sahipli\u011fi yapt\u0131. Karadeniz m\u00fczi\u011finin sevilen ismi Ekin Uzunlar, g\u00fc\u00e7l\u00fc sahne performans\u0131 ve dillere pelesenk olmu\u015f eserleriyle izleyicilere unutulmaz bir gece ya\u015fatt\u0131. Tarihi atmosferde m\u00fczikle bulu\u015fan dinleyiciler, festival co\u015fkusunu doyas\u0131ya ya\u015fad\u0131. Konsere Afyonkarahisar Valisi Do\u00e7. Dr. K\u00fcbra&#8230;<\/p>\n","protected":false},"author":1,"featured_media":29377,"comment_status":"open","ping_status":"open","sticky":false,"template":"","format":"standard","meta":{"_crdt_document":"","footnotes":""},"categories":[1],"tags":[],"class_list":["post-29376","post","type-post","status-publish","format-standard","has-post-thumbnail","hentry","category-guncel"],"_links":{"self":[{"href":"https:\/\/www.egemtv.com\/index.php?rest_route=\/wp\/v2\/posts\/29376","targetHints":{"allow":["GET"]}}],"collection":[{"href":"https:\/\/www.egemtv.com\/index.php?rest_route=\/wp\/v2\/posts"}],"about":[{"href":"https:\/\/www.egemtv.com\/index.php?rest_route=\/wp\/v2\/types\/post"}],"author":[{"embeddable":true,"href":"https:\/\/www.egemtv.com\/index.php?rest_route=\/wp\/v2\/users\/1"}],"replies":[{"embeddable":true,"href":"https:\/\/www.egemtv.com\/index.php?rest_route=%2Fwp%2Fv2%2Fcomments&post=29376"}],"version-history":[{"count":1,"href":"https:\/\/www.egemtv.com\/index.php?rest_route=\/wp\/v2\/posts\/29376\/revisions"}],"predecessor-version":[{"id":29378,"href":"https:\/\/www.egemtv.com\/index.php?rest_route=\/wp\/v2\/posts\/29376\/revisions\/29378"}],"wp:featuredmedia":[{"embeddable":true,"href":"https:\/\/www.egemtv.com\/index.php?rest_route=\/wp\/v2\/media\/29377"}],"wp:attachment":[{"href":"https:\/\/www.egemtv.com\/index.php?rest_route=%2Fwp%2Fv2%2Fmedia&parent=29376"}],"wp:term":[{"taxonomy":"category","embeddable":true,"href":"https:\/\/www.egemtv.com\/index.php?rest_route=%2Fwp%2Fv2%2Fcategories&post=29376"},{"taxonomy":"post_tag","embeddable":true,"href":"https:\/\/www.egemtv.com\/index.php?rest_route=%2Fwp%2Fv2%2Ftags&post=29376"}],"curies":[{"name":"wp","href":"https:\/\/api.w.org\/{rel}","templated":true}]}}