{"id":29373,"date":"2025-05-16T23:17:46","date_gmt":"2025-05-16T20:17:46","guid":{"rendered":"https:\/\/www.egemtv.com\/?p=29373"},"modified":"2025-05-16T23:17:49","modified_gmt":"2025-05-16T20:17:49","slug":"koyluler-ve-ekiplerin-seferber-oldugu-yangin-kontrol-altina-alindi","status":"publish","type":"post","link":"https:\/\/www.egemtv.com\/?p=29373","title":{"rendered":"K\u00f6yl\u00fcler ve ekiplerin seferber oldu\u011fu yang\u0131n kontrol alt\u0131na al\u0131nd\u0131"},"content":{"rendered":"<p>Denizli\u2019nin Kale il\u00e7esinde ormandaki kesim sahas\u0131nda \u00e7\u0131kan yang\u0131n, ekiplerin yo\u011fun \u00e7abas\u0131yla 2 saatte kontrol alt\u0131na al\u0131nd\u0131. Civar mahallerdeki camilerden yap\u0131lan anonslar\u0131n ard\u0131ndan k\u00f6yl\u00fcler de destek i\u00e7in seferber oldu.<br \/>\n<br \/>Edinilen bilgiye g\u00f6re, Denizli\u2019nin Kale il\u00e7esine ba\u011fl\u0131 k\u0131rsal K\u00fcnar Mahallesi Kocaa\u011fa\u00e7 mevkiinde kesim \u00e7al\u0131\u015fmalar\u0131n\u0131n devam etti\u011fi orman sahas\u0131nda ak\u015fam saat 19.00 s\u0131ralar\u0131nda hen\u00fcz bilinmeyen bir sebeple yang\u0131n \u00e7\u0131kt\u0131. B\u00f6lgede \u00f6\u011fle saatlerinde bu yana etkili olan f\u0131rt\u0131na nedeniyle geni\u015f bir alana yay\u0131lan yang\u0131na Denizli Orman B\u00f6lge M\u00fcd\u00fcrl\u00fc\u011f\u00fc ve itfaiyeye ba\u011fl\u0131 ekipler taraf\u0131ndan m\u00fcdahale edildi. Havan\u0131n kararmak \u00fczere olmas\u0131ndan dolay\u0131, alevlerin \u00f6n\u00fcne ge\u00e7ebilmek i\u00e7in hava deste\u011fi istendi. Mu\u011fla Orman B\u00f6lge M\u00fcd\u00fcrl\u00fc\u011f\u00fcnde konu\u015flu helikopter, hava karar\u0131ncaya kadar yang\u0131n b\u00f6lgesine su b\u0131rakt\u0131.<\/p>\n<p>Camilerden anonslar yap\u0131ld\u0131<br \/>\n<br \/>Havan\u0131n kararmas\u0131n\u0131n ard\u0131ndan m\u00fcdahaleye karadan devam edildi. \u015eiddetli r\u00fczgar nedeniyle yang\u0131n\u0131n daha geni\u015f bir sahaya yay\u0131lmas\u0131n\u0131 \u00f6nlemek i\u00e7in K\u00fcnar\u2019\u0131n yan\u0131 s\u0131ra Ortak\u00f6y, Belenk\u00f6y, \u00c7ak\u0131rba\u011f, Yenidere ve Muslug\u00fcme mahallelerindeki camilerden s\u00f6nd\u00fcrme \u00e7al\u0131\u015fmalar\u0131na destek i\u00e7in destek istendi.<br \/>\n<br \/>Trakt\u00f6r, tanker ve ara\u00e7 gere\u00e7lileriyle b\u00f6lgeye ula\u015fabilen k\u00f6yl\u00fcler, alevlerle canla ba\u015fla m\u00fccadele eden orman ve itfaiye ekiplerine yard\u0131mc\u0131 olmaya \u00e7al\u0131\u015ft\u0131. Yo\u011fun \u00e7al\u0131\u015fmalar\u0131n ard\u0131ndan yang\u0131n 2 saat sonra kontrol alt\u0131na al\u0131nd\u0131. Yanan b\u00f6lgede bulunan kesilmi\u015f tomruklar\u0131n tutu\u015fmas\u0131 nedeniyle so\u011futma \u00e7al\u0131\u015fmalar\u0131n\u0131n s\u00fcrd\u00fcr\u00fcld\u00fc\u011f\u00fc \u00f6\u011frenildi. Yang\u0131nla ilgili soru\u015fturma ba\u015flat\u0131ld\u0131.<br \/><\/p>\n","protected":false},"excerpt":{"rendered":"<p>Denizli\u2019nin Kale il\u00e7esinde ormandaki kesim sahas\u0131nda \u00e7\u0131kan yang\u0131n, ekiplerin yo\u011fun \u00e7abas\u0131yla 2 saatte kontrol alt\u0131na al\u0131nd\u0131. Civar mahallerdeki camilerden yap\u0131lan anonslar\u0131n ard\u0131ndan k\u00f6yl\u00fcler de destek i\u00e7in seferber oldu. Edinilen bilgiye g\u00f6re, Denizli\u2019nin Kale il\u00e7esine ba\u011fl\u0131 k\u0131rsal K\u00fcnar Mahallesi Kocaa\u011fa\u00e7 mevkiinde kesim \u00e7al\u0131\u015fmalar\u0131n\u0131n devam etti\u011fi orman sahas\u0131nda ak\u015fam saat 19.00 s\u0131ralar\u0131nda hen\u00fcz bilinmeyen bir sebeple yang\u0131n&#8230;<\/p>\n","protected":false},"author":1,"featured_media":29374,"comment_status":"open","ping_status":"open","sticky":false,"template":"","format":"standard","meta":{"_crdt_document":"","footnotes":""},"categories":[5],"tags":[],"class_list":["post-29373","post","type-post","status-publish","format-standard","has-post-thumbnail","hentry","category-asayis"],"_links":{"self":[{"href":"https:\/\/www.egemtv.com\/index.php?rest_route=\/wp\/v2\/posts\/29373","targetHints":{"allow":["GET"]}}],"collection":[{"href":"https:\/\/www.egemtv.com\/index.php?rest_route=\/wp\/v2\/posts"}],"about":[{"href":"https:\/\/www.egemtv.com\/index.php?rest_route=\/wp\/v2\/types\/post"}],"author":[{"embeddable":true,"href":"https:\/\/www.egemtv.com\/index.php?rest_route=\/wp\/v2\/users\/1"}],"replies":[{"embeddable":true,"href":"https:\/\/www.egemtv.com\/index.php?rest_route=%2Fwp%2Fv2%2Fcomments&post=29373"}],"version-history":[{"count":1,"href":"https:\/\/www.egemtv.com\/index.php?rest_route=\/wp\/v2\/posts\/29373\/revisions"}],"predecessor-version":[{"id":29375,"href":"https:\/\/www.egemtv.com\/index.php?rest_route=\/wp\/v2\/posts\/29373\/revisions\/29375"}],"wp:featuredmedia":[{"embeddable":true,"href":"https:\/\/www.egemtv.com\/index.php?rest_route=\/wp\/v2\/media\/29374"}],"wp:attachment":[{"href":"https:\/\/www.egemtv.com\/index.php?rest_route=%2Fwp%2Fv2%2Fmedia&parent=29373"}],"wp:term":[{"taxonomy":"category","embeddable":true,"href":"https:\/\/www.egemtv.com\/index.php?rest_route=%2Fwp%2Fv2%2Fcategories&post=29373"},{"taxonomy":"post_tag","embeddable":true,"href":"https:\/\/www.egemtv.com\/index.php?rest_route=%2Fwp%2Fv2%2Ftags&post=29373"}],"curies":[{"name":"wp","href":"https:\/\/api.w.org\/{rel}","templated":true}]}}