{"id":29370,"date":"2025-05-16T22:59:36","date_gmt":"2025-05-16T19:59:36","guid":{"rendered":"https:\/\/www.egemtv.com\/?p=29370"},"modified":"2025-05-16T22:59:38","modified_gmt":"2025-05-16T19:59:38","slug":"marmariste-turistleri-gasp-eden-3-kisi-tutuklandi","status":"publish","type":"post","link":"https:\/\/www.egemtv.com\/?p=29370","title":{"rendered":"Marmaris\u2019te turistleri gasp eden 3 ki\u015fi tutukland\u0131"},"content":{"rendered":"<p>Mu\u011fla\u2019n\u0131n Marmaris il\u00e7esinde 2 turisti gasp eden 3 ki\u015fi, polis ekiplerince yakalan\u0131rken, gasp anlar\u0131 ise g\u00fcvenlik kameralar\u0131na yans\u0131d\u0131.<br \/>\n<br \/>Olay, Marmaris il\u00e7esi Tepe Mahallesi 39. Sokak\u2019ta 15 May\u0131s 2025 gecesi saat 00.10 s\u0131ralar\u0131nda meydana geldi. Edinilen bilgiye g\u00f6re, N.H.B.W. ve M.B.W. isimli Danimarka uyruklu turistlerin sokakta y\u00fcr\u00fcd\u00fckleri s\u0131rada yanlar\u0131na motosikletli \u00fc\u00e7 ki\u015fi yana\u015ft\u0131. \u015e\u00fcpheliler turistlerin elektronik sigaralar\u0131n\u0131 istedi. Turistlerin elektronik sigaray\u0131 vermek istememesi \u00fczerine sald\u0131rganlar, onlar\u0131 darp ederek, yakla\u015f\u0131k 200 kron (800 TL) de\u011ferindeki elektronik sigaray\u0131 zorla al\u0131p olay yerinden uzakla\u015ft\u0131. Turistlerin ihbar\u0131 \u00fczerine, Marmaris Asayi\u015f B\u00fcro Amirli\u011fi ekiplerinin \u00e7al\u0131\u015fmas\u0131 sonucunda olay\u0131 ger\u00e7ekle\u015ftiren ki\u015filerin H.E.F., B.G. ve F.K. oldu\u011fu belirlendi.<\/p>\n<p>Ekipler harekete ge\u00e7ti<br \/>\n<br \/>\u015e\u00fcphelilerin yakalanmas\u0131 i\u00e7in harekete ge\u00e7en ekipler, H.E.F. ve F.K.\u2019y\u0131 ayn\u0131 g\u00fcn Beldibi Mahallesi\u2019nde yakalad\u0131. Olayla ba\u011flant\u0131l\u0131 oldu\u011fu de\u011ferlendirilen B.G. ise 16 May\u0131s 2025 tarihinde k\u0131sk\u0131vrak yakaland\u0131. H.E.F. ve B.G.\u2019nin su\u00e7a s\u00fcr\u00fcklenen \u00e7ocuk (SS\u00c7) olduklar\u0131 belirlenirken, \u00c7ocuk B\u00fcro Amirli\u011fi\u2019nce y\u00fcr\u00fct\u00fclen i\u015flemler sonucunda \u015f\u00fcpheliler H.E.F., B.G. ve F.K. ayn\u0131 g\u00fcn Marmaris Cumhuriyet Ba\u015fsavc\u0131l\u0131\u011f\u0131\u2019na sevk edildi. Savc\u0131l\u0131\u011f\u0131n tutuklama talebiyle sevk etti\u011fi \u015f\u00fcpheliler, \u00e7\u0131kar\u0131ld\u0131klar\u0131 Sulh Ceza Hakimli\u011fi\u2019nce tutuklanarak cezaevine g\u00f6nderildi.<\/p>\n<p>Gasp anlar\u0131 kameralara yans\u0131d\u0131<br \/>\n<br \/>Turistlerin gasp edildi\u011fi anlar ise b\u00f6lgedeki g\u00fcvenlik kameralar\u0131na anbean yans\u0131d\u0131. G\u00f6r\u00fcnt\u00fclerde, yolda y\u00fcr\u00fcyen 2 turiste, motosiklet ile yakla\u015fan 3 \u015f\u00fcphelinin darp ve gasp etmesi ile turistlerin olay yerinden ka\u00e7\u0131\u015flar\u0131 yer ald\u0131.<br \/><\/p>\n","protected":false},"excerpt":{"rendered":"<p>Mu\u011fla\u2019n\u0131n Marmaris il\u00e7esinde 2 turisti gasp eden 3 ki\u015fi, polis ekiplerince yakalan\u0131rken, gasp anlar\u0131 ise g\u00fcvenlik kameralar\u0131na yans\u0131d\u0131. Olay, Marmaris il\u00e7esi Tepe Mahallesi 39. Sokak\u2019ta 15 May\u0131s 2025 gecesi saat 00.10 s\u0131ralar\u0131nda meydana geldi. Edinilen bilgiye g\u00f6re, N.H.B.W. ve M.B.W. isimli Danimarka uyruklu turistlerin sokakta y\u00fcr\u00fcd\u00fckleri s\u0131rada yanlar\u0131na motosikletli \u00fc\u00e7 ki\u015fi yana\u015ft\u0131. \u015e\u00fcpheliler turistlerin elektronik&#8230;<\/p>\n","protected":false},"author":1,"featured_media":29371,"comment_status":"open","ping_status":"open","sticky":false,"template":"","format":"standard","meta":{"_crdt_document":"","footnotes":""},"categories":[5],"tags":[],"class_list":["post-29370","post","type-post","status-publish","format-standard","has-post-thumbnail","hentry","category-asayis"],"_links":{"self":[{"href":"https:\/\/www.egemtv.com\/index.php?rest_route=\/wp\/v2\/posts\/29370","targetHints":{"allow":["GET"]}}],"collection":[{"href":"https:\/\/www.egemtv.com\/index.php?rest_route=\/wp\/v2\/posts"}],"about":[{"href":"https:\/\/www.egemtv.com\/index.php?rest_route=\/wp\/v2\/types\/post"}],"author":[{"embeddable":true,"href":"https:\/\/www.egemtv.com\/index.php?rest_route=\/wp\/v2\/users\/1"}],"replies":[{"embeddable":true,"href":"https:\/\/www.egemtv.com\/index.php?rest_route=%2Fwp%2Fv2%2Fcomments&post=29370"}],"version-history":[{"count":1,"href":"https:\/\/www.egemtv.com\/index.php?rest_route=\/wp\/v2\/posts\/29370\/revisions"}],"predecessor-version":[{"id":29372,"href":"https:\/\/www.egemtv.com\/index.php?rest_route=\/wp\/v2\/posts\/29370\/revisions\/29372"}],"wp:featuredmedia":[{"embeddable":true,"href":"https:\/\/www.egemtv.com\/index.php?rest_route=\/wp\/v2\/media\/29371"}],"wp:attachment":[{"href":"https:\/\/www.egemtv.com\/index.php?rest_route=%2Fwp%2Fv2%2Fmedia&parent=29370"}],"wp:term":[{"taxonomy":"category","embeddable":true,"href":"https:\/\/www.egemtv.com\/index.php?rest_route=%2Fwp%2Fv2%2Fcategories&post=29370"},{"taxonomy":"post_tag","embeddable":true,"href":"https:\/\/www.egemtv.com\/index.php?rest_route=%2Fwp%2Fv2%2Ftags&post=29370"}],"curies":[{"name":"wp","href":"https:\/\/api.w.org\/{rel}","templated":true}]}}