{"id":29367,"date":"2025-05-16T22:34:45","date_gmt":"2025-05-16T19:34:45","guid":{"rendered":"https:\/\/www.egemtv.com\/?p=29367"},"modified":"2025-05-16T22:34:53","modified_gmt":"2025-05-16T19:34:53","slug":"avrupanin-dort-bir-yanindan-seckin-filmler-denizlide-sahnelenecek","status":"publish","type":"post","link":"https:\/\/www.egemtv.com\/?p=29367","title":{"rendered":"Avrupa\u2019n\u0131n d\u00f6rt bir yan\u0131ndan se\u00e7kin filmler Denizli\u2019de sahnelenecek"},"content":{"rendered":"<p>AB T\u00fcrkiye Delegasyonu, AB \u00dcye Devletlerinin B\u00fcy\u00fckel\u00e7ilikleri, AB K\u00fclt\u00fcr Enstit\u00fcleri ve \u00e7e\u015fitli AB Bilgi Merkezlerinin i\u015f birli\u011fiyle d\u00fczenlenen \u2018Avrupa Film G\u00fcnleri\u2019 Denizli\u2019de ba\u015fl\u0131yor.<\/p>\n<p>Denizli Sanayi Odas\u0131 b\u00fcnyesinde faaliyetlerine devam eden Denizli AB Bilgi Merkezi koordinasyonu ve AB T\u00fcrkiye Delegasyonu i\u015f birli\u011finde yap\u0131lan etkinlik, bu y\u0131l 22-25 May\u0131s tarihlerinde ger\u00e7ekle\u015ftiriliyor. 4 g\u00fcn boyunca \u00fccretsiz film g\u00f6sterimlerinin yap\u0131laca\u011f\u0131 bu etkinlikte, Avrupa\u2019n\u0131n se\u00e7kin filmleri sinemaseverler ile bulu\u015facak. Bu etkinlikte sinemaseverler, Avrupa\u2019n\u0131n k\u00fclt\u00fcrel zenginli\u011fini yans\u0131tan, \u00e7arp\u0131c\u0131 ve ilham verici filmleri, beyazperdede izleme imk\u00e2n\u0131 bulacak.<\/p>\n<p>&#8220;T\u00fcm sinemaseverleri davet ediyoruz&#8221;<br \/>\n<br \/>Denizli AB Bilgi Merkezi Koordinat\u00f6r\u00fc Cansun \u00d6zd\u00fclger, yapt\u0131\u011f\u0131 a\u00e7\u0131klamada; &#8220;Denizli AB Bilgi Merkezi olarak, Avrupa Birli\u011fi T\u00fcrkiye Delegasyonu i\u015f birli\u011fiyle bu y\u0131l da Avrupa Film G\u00fcnleri\u2019ne ev sahipli\u011fi yapmaktan b\u00fcy\u00fck heyecan duyuyoruz. Bu anlaml\u0131 etkinlik, Avrupa\u2019n\u0131n zengin k\u00fclt\u00fcrel miras\u0131n\u0131 ve sinemas\u0131n\u0131n \u00e7e\u015fitlili\u011fini Denizlili sinemaseverlerle bulu\u015fturuyor. 22-25 May\u0131s tarihleri aras\u0131nda Forum \u00c7aml\u0131k World Cinezone Sinemalar\u0131\u2019nda ger\u00e7ekle\u015fecek olan g\u00f6sterimlerimizde, Almanya\u2019dan \u0130sve\u00e7\u2019e kadar 14 farkl\u0131 Avrupa \u00fclkesinden \u00f6d\u00fcll\u00fc ve dikkat \u00e7ekici filmler yer alacak. Amac\u0131m\u0131z, sineman\u0131n evrensel dili arac\u0131l\u0131\u011f\u0131yla farkl\u0131 k\u00fclt\u00fcrler aras\u0131nda bir k\u00f6pr\u00fc kurmak ve izleyicilere yeni bak\u0131\u015f a\u00e7\u0131lar\u0131 sunmakt\u0131r. Avrupa sinemas\u0131 sadece sanatsal bir ifade bi\u00e7imi de\u011fil, ayn\u0131 zamanda d\u00fcnyay\u0131 anlama ve farkl\u0131l\u0131klara sayg\u0131 duyma yolunda \u00f6nemli bir ara\u00e7t\u0131r. T\u00fcm sinemaseverleri bu unutulmaz deneyimi ya\u015famaya davet ediyoruz&#8221; dedi.<\/p>\n<p>Avrupa Film G\u00fcnleri, Antalya, Diyarbak\u0131r, Denizli, Edirne, Eski\u015fehir, \u0130zmir, Samsun ve Trabzon\u2019daki sinema severlere unutulmaz bir deneyim ya\u015fatacak. Etkinlik, Avrupa\u2019n\u0131n d\u00f6rt bir yan\u0131ndan se\u00e7ilmi\u015f filmlerden olu\u015fan bir se\u00e7ki sunacak.<\/p>\n<p>Avrupa Film G\u00fcnleri, Denizli\u2019de 22-25 May\u0131s 2025 tarihleri aras\u0131nda World Cinezone Forum \u00c7aml\u0131k\u2019ta sinema severlerle bulu\u015facak. Filmleri izlemek isteyenler, \u00fccretsiz biletleri her seans\u0131n 1 g\u00fcn \u00f6ncesinde sinema gi\u015felerinden temin edebilecek.<br \/><\/p>\n","protected":false},"excerpt":{"rendered":"<p>AB T\u00fcrkiye Delegasyonu, AB \u00dcye Devletlerinin B\u00fcy\u00fckel\u00e7ilikleri, AB K\u00fclt\u00fcr Enstit\u00fcleri ve \u00e7e\u015fitli AB Bilgi Merkezlerinin i\u015f birli\u011fiyle d\u00fczenlenen \u2018Avrupa Film G\u00fcnleri\u2019 Denizli\u2019de ba\u015fl\u0131yor. Denizli Sanayi Odas\u0131 b\u00fcnyesinde faaliyetlerine devam eden Denizli AB Bilgi Merkezi koordinasyonu ve AB T\u00fcrkiye Delegasyonu i\u015f birli\u011finde yap\u0131lan etkinlik, bu y\u0131l 22-25 May\u0131s tarihlerinde ger\u00e7ekle\u015ftiriliyor. 4 g\u00fcn boyunca \u00fccretsiz film g\u00f6sterimlerinin&#8230;<\/p>\n","protected":false},"author":1,"featured_media":29368,"comment_status":"open","ping_status":"open","sticky":false,"template":"","format":"standard","meta":{"_crdt_document":"","footnotes":""},"categories":[1],"tags":[],"class_list":["post-29367","post","type-post","status-publish","format-standard","has-post-thumbnail","hentry","category-guncel"],"_links":{"self":[{"href":"https:\/\/www.egemtv.com\/index.php?rest_route=\/wp\/v2\/posts\/29367","targetHints":{"allow":["GET"]}}],"collection":[{"href":"https:\/\/www.egemtv.com\/index.php?rest_route=\/wp\/v2\/posts"}],"about":[{"href":"https:\/\/www.egemtv.com\/index.php?rest_route=\/wp\/v2\/types\/post"}],"author":[{"embeddable":true,"href":"https:\/\/www.egemtv.com\/index.php?rest_route=\/wp\/v2\/users\/1"}],"replies":[{"embeddable":true,"href":"https:\/\/www.egemtv.com\/index.php?rest_route=%2Fwp%2Fv2%2Fcomments&post=29367"}],"version-history":[{"count":1,"href":"https:\/\/www.egemtv.com\/index.php?rest_route=\/wp\/v2\/posts\/29367\/revisions"}],"predecessor-version":[{"id":29369,"href":"https:\/\/www.egemtv.com\/index.php?rest_route=\/wp\/v2\/posts\/29367\/revisions\/29369"}],"wp:featuredmedia":[{"embeddable":true,"href":"https:\/\/www.egemtv.com\/index.php?rest_route=\/wp\/v2\/media\/29368"}],"wp:attachment":[{"href":"https:\/\/www.egemtv.com\/index.php?rest_route=%2Fwp%2Fv2%2Fmedia&parent=29367"}],"wp:term":[{"taxonomy":"category","embeddable":true,"href":"https:\/\/www.egemtv.com\/index.php?rest_route=%2Fwp%2Fv2%2Fcategories&post=29367"},{"taxonomy":"post_tag","embeddable":true,"href":"https:\/\/www.egemtv.com\/index.php?rest_route=%2Fwp%2Fv2%2Ftags&post=29367"}],"curies":[{"name":"wp","href":"https:\/\/api.w.org\/{rel}","templated":true}]}}