{"id":29364,"date":"2025-05-16T21:55:03","date_gmt":"2025-05-16T18:55:03","guid":{"rendered":"https:\/\/www.egemtv.com\/?p=29364"},"modified":"2025-05-16T21:55:07","modified_gmt":"2025-05-16T18:55:07","slug":"zincirleme-kazadan-sonra-yol-ortasinda-kalan-kopege-polis-sahip-cikti","status":"publish","type":"post","link":"https:\/\/www.egemtv.com\/?p=29364","title":{"rendered":"Zincirleme kazadan sonra yol ortas\u0131nda kalan k\u00f6pe\u011fe polis sahip \u00e7\u0131kt\u0131"},"content":{"rendered":"<p>Mu\u011fla\u2019n\u0131n Milas il\u00e7esinde \u00fc\u00e7 arac\u0131n kar\u0131\u015ft\u0131\u011f\u0131 zincirleme kazada bir ki\u015fi hafif \u015fekilde yaraland\u0131. Ancak kazadan \u00e7ok bir sokak k\u00f6pe\u011fine polis ekiplerinin g\u00f6sterdi\u011fi hassasiyet dikkat \u00e7ekti.<\/p>\n<p>Milas-Bodrum karayolunda meydana gelen kazada, \u00fc\u00e7 ara\u00e7 arka arkaya \u00e7arp\u0131\u015ft\u0131. Kazada bir ki\u015fi hafif yaralan\u0131rken, sa\u011fl\u0131k ekipleri olay yerine gelerek m\u00fcdahalede bulundu ve yaral\u0131y\u0131 ayakta tedavi ederek taburcu etti. Kaza sonras\u0131 en dikkat \u00e7eken detay ise olay yerine yakla\u015fan bir sokak k\u00f6pe\u011fi oldu. Kaza b\u00f6lgesinin ortas\u0131nda kalan k\u00f6pek, yo\u011fun trafik ak\u0131\u015f\u0131 nedeniyle yolun ortas\u0131nda mahsur kald\u0131. Yolun bir taraf\u0131n\u0131n u\u00e7urum, di\u011fer taraf\u0131n\u0131n ise da\u011fl\u0131k olmas\u0131 nedeniyle k\u00f6pe\u011fin g\u00fcvenli bir alandan ayr\u0131lmas\u0131 m\u00fcmk\u00fcn olmad\u0131. Trafik polisleri, k\u00f6pe\u011fi kendi haline b\u0131rakmad\u0131. \u0130lk olarak hayvan\u0131 yoldan ge\u00e7en bir kamyonete bindirmeye \u00e7al\u0131\u015ft\u0131lar. K\u00f6pe\u011fin bu \u00e7abalar\u0131 reddetmesi \u00fczerine bu kez ekip arac\u0131na al\u0131nmak istendi, ancak yine ba\u015far\u0131s\u0131z olundu. Son \u00e7are olarak, polis ekipleri k\u00f6pe\u011fi dikkatli bir \u015fekilde yol kenar\u0131ndaki \u015farampolden ge\u00e7irerek g\u00fcvenli bir alana ula\u015ft\u0131rd\u0131.<\/p>\n<p>O anlar, olay yerindeki vatanda\u015flar\u0131n cep telefonu kameralar\u0131na yans\u0131d\u0131. G\u00f6r\u00fcnt\u00fclerde, polis ekiplerinin k\u00f6pe\u011fi korumak i\u00e7in g\u00f6sterdi\u011fi \u00f6zen ve \u00e7aba sosyal medyada takdir toplad\u0131. Trafik g\u00fcvenli\u011finin yan\u0131 s\u0131ra hayvan haklar\u0131 konusundaki duyarl\u0131l\u0131\u011f\u0131yla da \u00f6rnek olan polis ekiplerinin bu davran\u0131\u015f\u0131, vatanda\u015flar taraf\u0131ndan alk\u0131\u015fland\u0131. Olay, hayvanlara y\u00f6nelik fark\u0131ndal\u0131\u011f\u0131n art\u0131r\u0131lmas\u0131 ad\u0131na anlaml\u0131 bir \u00f6rnek olarak kay\u0131tlara ge\u00e7ti.<br \/><\/p>\n","protected":false},"excerpt":{"rendered":"<p>Mu\u011fla\u2019n\u0131n Milas il\u00e7esinde \u00fc\u00e7 arac\u0131n kar\u0131\u015ft\u0131\u011f\u0131 zincirleme kazada bir ki\u015fi hafif \u015fekilde yaraland\u0131. Ancak kazadan \u00e7ok bir sokak k\u00f6pe\u011fine polis ekiplerinin g\u00f6sterdi\u011fi hassasiyet dikkat \u00e7ekti. Milas-Bodrum karayolunda meydana gelen kazada, \u00fc\u00e7 ara\u00e7 arka arkaya \u00e7arp\u0131\u015ft\u0131. Kazada bir ki\u015fi hafif yaralan\u0131rken, sa\u011fl\u0131k ekipleri olay yerine gelerek m\u00fcdahalede bulundu ve yaral\u0131y\u0131 ayakta tedavi ederek taburcu etti. Kaza&#8230;<\/p>\n","protected":false},"author":1,"featured_media":29365,"comment_status":"open","ping_status":"open","sticky":false,"template":"","format":"standard","meta":{"_crdt_document":"","footnotes":""},"categories":[5],"tags":[],"class_list":["post-29364","post","type-post","status-publish","format-standard","has-post-thumbnail","hentry","category-asayis"],"_links":{"self":[{"href":"https:\/\/www.egemtv.com\/index.php?rest_route=\/wp\/v2\/posts\/29364","targetHints":{"allow":["GET"]}}],"collection":[{"href":"https:\/\/www.egemtv.com\/index.php?rest_route=\/wp\/v2\/posts"}],"about":[{"href":"https:\/\/www.egemtv.com\/index.php?rest_route=\/wp\/v2\/types\/post"}],"author":[{"embeddable":true,"href":"https:\/\/www.egemtv.com\/index.php?rest_route=\/wp\/v2\/users\/1"}],"replies":[{"embeddable":true,"href":"https:\/\/www.egemtv.com\/index.php?rest_route=%2Fwp%2Fv2%2Fcomments&post=29364"}],"version-history":[{"count":1,"href":"https:\/\/www.egemtv.com\/index.php?rest_route=\/wp\/v2\/posts\/29364\/revisions"}],"predecessor-version":[{"id":29366,"href":"https:\/\/www.egemtv.com\/index.php?rest_route=\/wp\/v2\/posts\/29364\/revisions\/29366"}],"wp:featuredmedia":[{"embeddable":true,"href":"https:\/\/www.egemtv.com\/index.php?rest_route=\/wp\/v2\/media\/29365"}],"wp:attachment":[{"href":"https:\/\/www.egemtv.com\/index.php?rest_route=%2Fwp%2Fv2%2Fmedia&parent=29364"}],"wp:term":[{"taxonomy":"category","embeddable":true,"href":"https:\/\/www.egemtv.com\/index.php?rest_route=%2Fwp%2Fv2%2Fcategories&post=29364"},{"taxonomy":"post_tag","embeddable":true,"href":"https:\/\/www.egemtv.com\/index.php?rest_route=%2Fwp%2Fv2%2Ftags&post=29364"}],"curies":[{"name":"wp","href":"https:\/\/api.w.org\/{rel}","templated":true}]}}