{"id":29361,"date":"2025-05-16T20:58:09","date_gmt":"2025-05-16T17:58:09","guid":{"rendered":"https:\/\/www.egemtv.com\/?p=29361"},"modified":"2025-05-16T20:58:13","modified_gmt":"2025-05-16T17:58:13","slug":"kaledeki-orman-yangini-ruzgarla-birlikte-ilerliyor","status":"publish","type":"post","link":"https:\/\/www.egemtv.com\/?p=29361","title":{"rendered":"Kale\u2019deki orman yang\u0131n\u0131 r\u00fczgarla birlikte ilerliyor"},"content":{"rendered":"<p>Denizli\u2019nin Kale il\u00e7esinde ormanl\u0131k alanda yang\u0131n \u00e7\u0131kt\u0131. R\u00fczgar\u0131n da etkisiyle b\u00fcy\u00fcyen yang\u0131na m\u00fcdahale s\u00fcr\u00fcyor.<\/p>\n<p>Denizli\u2019nin Kale \u0130l\u00e7esi K\u00fcnar Mahallesinde ormanl\u0131k alanda ak\u015fam saatlerinde hen\u00fcz bilinmeyen bir sebeple yang\u0131n \u00e7\u0131kt\u0131. Yang\u0131na Denizli B\u00fcy\u00fck\u015fehir Belediyesi Kale itfaiyesinin yani s\u0131ra Denizli ve Mu\u011fla\u2019dan da ekip sevk edildi.<br \/>\n<br \/>Yang\u0131n s\u00f6nd\u00fcrme helikopterinin de sevk edildi\u011fi yang\u0131nda havan\u0131n kararmas\u0131n\u0131n ard\u0131ndan helikopter Kale de futbol sahas\u0131na ini\u015f yapmak zorunda kald\u0131. R\u00fczgar\u0131n da etkisiyle yang\u0131n\u0131n b\u00fcy\u00fcd\u00fc\u011f\u00fc, s\u00f6nd\u00fcrme \u00e7al\u0131\u015fmalar\u0131n\u0131n s\u00fcrd\u00fc\u011f\u00fc \u00f6\u011frenildi.<br \/><\/p>\n","protected":false},"excerpt":{"rendered":"<p>Denizli\u2019nin Kale il\u00e7esinde ormanl\u0131k alanda yang\u0131n \u00e7\u0131kt\u0131. R\u00fczgar\u0131n da etkisiyle b\u00fcy\u00fcyen yang\u0131na m\u00fcdahale s\u00fcr\u00fcyor. Denizli\u2019nin Kale \u0130l\u00e7esi K\u00fcnar Mahallesinde ormanl\u0131k alanda ak\u015fam saatlerinde hen\u00fcz bilinmeyen bir sebeple yang\u0131n \u00e7\u0131kt\u0131. Yang\u0131na Denizli B\u00fcy\u00fck\u015fehir Belediyesi Kale itfaiyesinin yani s\u0131ra Denizli ve Mu\u011fla\u2019dan da ekip sevk edildi. Yang\u0131n s\u00f6nd\u00fcrme helikopterinin de sevk edildi\u011fi yang\u0131nda havan\u0131n kararmas\u0131n\u0131n ard\u0131ndan helikopter&#8230;<\/p>\n","protected":false},"author":1,"featured_media":29362,"comment_status":"open","ping_status":"open","sticky":false,"template":"","format":"standard","meta":{"_crdt_document":"","footnotes":""},"categories":[5],"tags":[],"class_list":["post-29361","post","type-post","status-publish","format-standard","has-post-thumbnail","hentry","category-asayis"],"_links":{"self":[{"href":"https:\/\/www.egemtv.com\/index.php?rest_route=\/wp\/v2\/posts\/29361","targetHints":{"allow":["GET"]}}],"collection":[{"href":"https:\/\/www.egemtv.com\/index.php?rest_route=\/wp\/v2\/posts"}],"about":[{"href":"https:\/\/www.egemtv.com\/index.php?rest_route=\/wp\/v2\/types\/post"}],"author":[{"embeddable":true,"href":"https:\/\/www.egemtv.com\/index.php?rest_route=\/wp\/v2\/users\/1"}],"replies":[{"embeddable":true,"href":"https:\/\/www.egemtv.com\/index.php?rest_route=%2Fwp%2Fv2%2Fcomments&post=29361"}],"version-history":[{"count":1,"href":"https:\/\/www.egemtv.com\/index.php?rest_route=\/wp\/v2\/posts\/29361\/revisions"}],"predecessor-version":[{"id":29363,"href":"https:\/\/www.egemtv.com\/index.php?rest_route=\/wp\/v2\/posts\/29361\/revisions\/29363"}],"wp:featuredmedia":[{"embeddable":true,"href":"https:\/\/www.egemtv.com\/index.php?rest_route=\/wp\/v2\/media\/29362"}],"wp:attachment":[{"href":"https:\/\/www.egemtv.com\/index.php?rest_route=%2Fwp%2Fv2%2Fmedia&parent=29361"}],"wp:term":[{"taxonomy":"category","embeddable":true,"href":"https:\/\/www.egemtv.com\/index.php?rest_route=%2Fwp%2Fv2%2Fcategories&post=29361"},{"taxonomy":"post_tag","embeddable":true,"href":"https:\/\/www.egemtv.com\/index.php?rest_route=%2Fwp%2Fv2%2Ftags&post=29361"}],"curies":[{"name":"wp","href":"https:\/\/api.w.org\/{rel}","templated":true}]}}