{"id":29358,"date":"2025-05-16T20:35:24","date_gmt":"2025-05-16T17:35:24","guid":{"rendered":"https:\/\/www.egemtv.com\/?p=29358"},"modified":"2025-05-16T20:35:29","modified_gmt":"2025-05-16T17:35:29","slug":"datcada-rekor-boyutta-balon-baligi-karaya-vurdu","status":"publish","type":"post","link":"https:\/\/www.egemtv.com\/?p=29358","title":{"rendered":"Dat\u00e7a\u2019da rekor boyutta balon bal\u0131\u011f\u0131 karaya vurdu"},"content":{"rendered":"<p>Mu\u011fla\u2019n\u0131n Dat\u00e7a il\u00e7esinde 68 santimetre boyundaki balon bal\u0131\u011f\u0131, karaya vurmu\u015f halde bulundu.<br \/>\n<br \/>Mu\u011fla\u2019n\u0131n Dat\u00e7a il\u00e7esi Mesudiye Mahallesi\u2019ndeki Hay\u0131tb\u00fck\u00fc Sahili\u2019nde temizlik \u00e7al\u0131\u015fmas\u0131 yapan belediye ekipleri, \u015fiddetli r\u00fczgar nedeniyle k\u0131y\u0131ya savrulmu\u015f bir bal\u0131kla kar\u015f\u0131la\u015ft\u0131. Yap\u0131lan incelemede, karaya vuran bal\u0131\u011f\u0131n zehirli t\u00fcrlerden biri olan balon bal\u0131\u011f\u0131 oldu\u011fu belirlendi. Ekiplerin ger\u00e7ekle\u015ftirdi\u011fi \u00f6l\u00e7\u00fcmlere g\u00f6re 68 santimetre uzunlu\u011funda oldu\u011fu tespit edilen balon bal\u0131\u011f\u0131n\u0131n, boyutuyla \u015fimdiye kadar Dat\u00e7a k\u0131y\u0131lar\u0131nda tespit edilen en b\u00fcy\u00fck balon bal\u0131\u011f\u0131 oldu\u011fu bildirildi. Tehlikeli t\u00fcrler aras\u0131nda yer alan ve insanlar i\u00e7in ciddi risk olu\u015fturabilen balon bal\u0131\u011f\u0131, belediye ekipleri taraf\u0131ndan kontroll\u00fc \u015fekilde imha edildi.<br \/><\/p>\n","protected":false},"excerpt":{"rendered":"<p>Mu\u011fla\u2019n\u0131n Dat\u00e7a il\u00e7esinde 68 santimetre boyundaki balon bal\u0131\u011f\u0131, karaya vurmu\u015f halde bulundu. Mu\u011fla\u2019n\u0131n Dat\u00e7a il\u00e7esi Mesudiye Mahallesi\u2019ndeki Hay\u0131tb\u00fck\u00fc Sahili\u2019nde temizlik \u00e7al\u0131\u015fmas\u0131 yapan belediye ekipleri, \u015fiddetli r\u00fczgar nedeniyle k\u0131y\u0131ya savrulmu\u015f bir bal\u0131kla kar\u015f\u0131la\u015ft\u0131. Yap\u0131lan incelemede, karaya vuran bal\u0131\u011f\u0131n zehirli t\u00fcrlerden biri olan balon bal\u0131\u011f\u0131 oldu\u011fu belirlendi. Ekiplerin ger\u00e7ekle\u015ftirdi\u011fi \u00f6l\u00e7\u00fcmlere g\u00f6re 68 santimetre uzunlu\u011funda oldu\u011fu tespit edilen&#8230;<\/p>\n","protected":false},"author":1,"featured_media":29359,"comment_status":"open","ping_status":"open","sticky":false,"template":"","format":"standard","meta":{"_crdt_document":"","footnotes":""},"categories":[1],"tags":[],"class_list":["post-29358","post","type-post","status-publish","format-standard","has-post-thumbnail","hentry","category-guncel"],"_links":{"self":[{"href":"https:\/\/www.egemtv.com\/index.php?rest_route=\/wp\/v2\/posts\/29358","targetHints":{"allow":["GET"]}}],"collection":[{"href":"https:\/\/www.egemtv.com\/index.php?rest_route=\/wp\/v2\/posts"}],"about":[{"href":"https:\/\/www.egemtv.com\/index.php?rest_route=\/wp\/v2\/types\/post"}],"author":[{"embeddable":true,"href":"https:\/\/www.egemtv.com\/index.php?rest_route=\/wp\/v2\/users\/1"}],"replies":[{"embeddable":true,"href":"https:\/\/www.egemtv.com\/index.php?rest_route=%2Fwp%2Fv2%2Fcomments&post=29358"}],"version-history":[{"count":1,"href":"https:\/\/www.egemtv.com\/index.php?rest_route=\/wp\/v2\/posts\/29358\/revisions"}],"predecessor-version":[{"id":29360,"href":"https:\/\/www.egemtv.com\/index.php?rest_route=\/wp\/v2\/posts\/29358\/revisions\/29360"}],"wp:featuredmedia":[{"embeddable":true,"href":"https:\/\/www.egemtv.com\/index.php?rest_route=\/wp\/v2\/media\/29359"}],"wp:attachment":[{"href":"https:\/\/www.egemtv.com\/index.php?rest_route=%2Fwp%2Fv2%2Fmedia&parent=29358"}],"wp:term":[{"taxonomy":"category","embeddable":true,"href":"https:\/\/www.egemtv.com\/index.php?rest_route=%2Fwp%2Fv2%2Fcategories&post=29358"},{"taxonomy":"post_tag","embeddable":true,"href":"https:\/\/www.egemtv.com\/index.php?rest_route=%2Fwp%2Fv2%2Ftags&post=29358"}],"curies":[{"name":"wp","href":"https:\/\/api.w.org\/{rel}","templated":true}]}}