{"id":29355,"date":"2025-05-16T20:16:50","date_gmt":"2025-05-16T17:16:50","guid":{"rendered":"https:\/\/www.egemtv.com\/?p=29355"},"modified":"2025-05-16T20:16:54","modified_gmt":"2025-05-16T17:16:54","slug":"kutahya-belediyesinde-yemin-toreni-heyecani","status":"publish","type":"post","link":"https:\/\/www.egemtv.com\/?p=29355","title":{"rendered":"K\u00fctahya Belediyesi\u2019nde yemin t\u00f6reni heyecan\u0131"},"content":{"rendered":"<p>K\u00fctahya Belediyesi\u2019nde aday memur olarak g\u00f6revine ba\u015flayan ve e\u011fitim s\u00fcrecini ba\u015far\u0131yla tamamlayarak asaleti onaylanan 8 personel i\u00e7in yemin t\u00f6reni d\u00fczenlendi. T\u00f6rene K\u00fctahya Belediye Ba\u015fkan\u0131 Ey\u00fcp Kahveci de kat\u0131ld\u0131.<br \/>\n<br \/>T\u00f6rende konu\u015fan Ba\u015fkan Kahveci, asil memur olarak g\u00f6revlerine devam edecek 8 personelin b\u00fcy\u00fck bir sorumluluk \u00fcstlendi\u011fini belirterek, &#8220;K\u00fctahya Belediyesi\u2019nin birer ferdi olarak bizler, ge\u00e7mi\u015fiyle gurur duyan, halk\u0131na hizmeti en b\u00fcy\u00fck g\u00f6rev bilen bir anlay\u0131\u015fla \u00e7al\u0131\u015f\u0131yoruz. K\u00fctahya\u2019m\u0131z her ge\u00e7en g\u00fcn b\u00fcy\u00fcyor ve geli\u015fiyor. Bu geli\u015fimde sizlerin eme\u011fi ve katk\u0131s\u0131n\u0131n son derece \u00f6nemli oldu\u011funu bir kez daha vurgulamak isterim&#8221; dedi.<br \/>\n<br \/>Kamu hizmetinin vicdanla, adaletle ve g\u00f6n\u00fclden yap\u0131lmas\u0131 gereken bir g\u00f6rev oldu\u011funun alt\u0131n\u0131 \u00e7izen Ba\u015fkan Kahveci, t\u00fcm personelin g\u00f6revlerinin hem kendilerine hem de \u015fehre hay\u0131rl\u0131 olmas\u0131n\u0131 temenni etti.<br \/>\n<br \/>\u015eube m\u00fcd\u00fcrleri ve di\u011fer belediye personelinin kat\u0131l\u0131m\u0131yla ger\u00e7ekle\u015fen t\u00f6rende, aday memurlar &#8220;Asli Devlet Memurlu\u011funa Atananlar\u0131n Yemin Merasimi Y\u00f6netmeli\u011fi&#8221; \u00e7er\u00e7evesinde T\u00fcrk bayra\u011f\u0131 \u00fczerine ellerini koyarak yemin etti.<br \/><\/p>\n","protected":false},"excerpt":{"rendered":"<p>K\u00fctahya Belediyesi\u2019nde aday memur olarak g\u00f6revine ba\u015flayan ve e\u011fitim s\u00fcrecini ba\u015far\u0131yla tamamlayarak asaleti onaylanan 8 personel i\u00e7in yemin t\u00f6reni d\u00fczenlendi. T\u00f6rene K\u00fctahya Belediye Ba\u015fkan\u0131 Ey\u00fcp Kahveci de kat\u0131ld\u0131. T\u00f6rende konu\u015fan Ba\u015fkan Kahveci, asil memur olarak g\u00f6revlerine devam edecek 8 personelin b\u00fcy\u00fck bir sorumluluk \u00fcstlendi\u011fini belirterek, &#8220;K\u00fctahya Belediyesi\u2019nin birer ferdi olarak bizler, ge\u00e7mi\u015fiyle gurur duyan, halk\u0131na&#8230;<\/p>\n","protected":false},"author":1,"featured_media":29356,"comment_status":"open","ping_status":"open","sticky":false,"template":"","format":"standard","meta":{"_crdt_document":"","footnotes":""},"categories":[123],"tags":[],"class_list":["post-29355","post","type-post","status-publish","format-standard","has-post-thumbnail","hentry","category-gundem"],"_links":{"self":[{"href":"https:\/\/www.egemtv.com\/index.php?rest_route=\/wp\/v2\/posts\/29355","targetHints":{"allow":["GET"]}}],"collection":[{"href":"https:\/\/www.egemtv.com\/index.php?rest_route=\/wp\/v2\/posts"}],"about":[{"href":"https:\/\/www.egemtv.com\/index.php?rest_route=\/wp\/v2\/types\/post"}],"author":[{"embeddable":true,"href":"https:\/\/www.egemtv.com\/index.php?rest_route=\/wp\/v2\/users\/1"}],"replies":[{"embeddable":true,"href":"https:\/\/www.egemtv.com\/index.php?rest_route=%2Fwp%2Fv2%2Fcomments&post=29355"}],"version-history":[{"count":1,"href":"https:\/\/www.egemtv.com\/index.php?rest_route=\/wp\/v2\/posts\/29355\/revisions"}],"predecessor-version":[{"id":29357,"href":"https:\/\/www.egemtv.com\/index.php?rest_route=\/wp\/v2\/posts\/29355\/revisions\/29357"}],"wp:featuredmedia":[{"embeddable":true,"href":"https:\/\/www.egemtv.com\/index.php?rest_route=\/wp\/v2\/media\/29356"}],"wp:attachment":[{"href":"https:\/\/www.egemtv.com\/index.php?rest_route=%2Fwp%2Fv2%2Fmedia&parent=29355"}],"wp:term":[{"taxonomy":"category","embeddable":true,"href":"https:\/\/www.egemtv.com\/index.php?rest_route=%2Fwp%2Fv2%2Fcategories&post=29355"},{"taxonomy":"post_tag","embeddable":true,"href":"https:\/\/www.egemtv.com\/index.php?rest_route=%2Fwp%2Fv2%2Ftags&post=29355"}],"curies":[{"name":"wp","href":"https:\/\/api.w.org\/{rel}","templated":true}]}}