{"id":29352,"date":"2025-05-16T20:16:46","date_gmt":"2025-05-16T17:16:46","guid":{"rendered":"https:\/\/www.egemtv.com\/?p=29352"},"modified":"2025-05-16T20:16:50","modified_gmt":"2025-05-16T17:16:50","slug":"chp-genel-baskani-ozel-didimde-toplu-acilis-torenine-katildi","status":"publish","type":"post","link":"https:\/\/www.egemtv.com\/?p=29352","title":{"rendered":"CHP Genel Ba\u015fkan\u0131 \u00d6zel, Didim\u2019de toplu a\u00e7\u0131l\u0131\u015f t\u00f6renine kat\u0131ld\u0131"},"content":{"rendered":"<p>CHP Genel Ba\u015fkan\u0131 \u00d6zg\u00fcr \u00d6zel, Ayd\u0131n\u2019da Didim Belediyesi\u2019nin Ay\u015fenur Ezgi Eygi Park\u0131 ve Toplu A\u00e7\u0131l\u0131\u015f T\u00f6reni\u2019ne kat\u0131ld\u0131.<br \/>\n<br \/>CHP Genel Ba\u015fkan\u0131 \u00d6zel, Didim\u2019de Ay\u015fenur Ezgi Eygi Park\u0131 ve Toplu A\u00e7\u0131l\u0131\u015f T\u00f6reni\u2019ne kat\u0131ld\u0131. \u00d6zel, &#8220;Bug\u00fcn burada sizlerle birlikte \u00e7ok anlaml\u0131 bir g\u00fcnde bir araday\u0131z. Tabii Didim\u2019e gelmi\u015fken Belediye Ba\u015fkan\u0131m\u0131z\u0131n uzun s\u00fcredir bekledi\u011fi a\u00e7\u0131l\u0131\u015f i\u00e7in bekletti\u011fi ba\u015fka eserleri de var&#8221; dedi.<br \/>\n<br \/>\u00d6zel, yap\u0131lan hizmetlerle Didim\u2019in \u00e7ehresinin de\u011fi\u015fti\u011fini ifade ederek, &#8220;\u00d6ncelikle Didim, 28 y\u0131l \u00f6ncesinin Yenihisar\u2019\u0131 o g\u00fcnden bug\u00fcne sosyal demokrat belediyecilikle, halk\u00e7\u0131 belediyecilikle tan\u0131\u015fm\u0131\u015f olan o g\u00fcnden bug\u00fcne Cumhuriyet Halk Partisi\u2019nin, Cumhuriyet Halk Partililerin hizmet etti\u011fi ve yapt\u0131\u011f\u0131m\u0131z hizmetlere hep en g\u00fczel kar\u015f\u0131l\u0131klar\u0131 ald\u0131\u011f\u0131m\u0131z bir kentteyiz. Bug\u00fcn iki yan\u0131mda, iki \u00e7ok de\u011ferli kad\u0131n siyaset\u00e7i oturuyordu biraz \u00f6nce. Bir tanesi Ayd\u0131n\u2019\u0131n topuklu efesi, 2009 y\u0131l\u0131nda, Adalet ve Kalk\u0131nma Partisi ile MHP\u2019yi ge\u00e7erek, k\u00fc\u00e7\u00fck bir farkla alan, ondan sonra Ayd\u0131n\u2019a, Ayd\u0131n merkeze yapt\u0131\u011f\u0131 b\u00fcy\u00fck hizmetler sonras\u0131nda birilerinin g\u00f6z\u00fcn\u00fc korkutan, sonra k\u00f6yler de oy kullans\u0131n, il\u00e7eler de oy kullans\u0131n, Ayd\u0131n B\u00fcy\u00fck\u015fehir olsun, Cumhuriyet Halk Partisi almas\u0131n hesaplar\u0131 2014 se\u00e7imlerinde y\u00fczde 43\u2019l\u00fck oy oran\u0131 ile alt\u00fcst edip Ayd\u0131n B\u00fcy\u00fck\u015fehir Belediye Ba\u015fkan\u0131 olan ve girdi\u011fi t\u00fcm se\u00e7imlerde oy oran\u0131n\u0131 art\u0131rarak, bug\u00fcn de t\u00fcm T\u00fcrkiye\u2019de Cumhuriyet Halk Partisi\u2019nin g\u00f6\u011fs\u00fcn\u00fc kabartan belediye ba\u015fkan\u0131m\u0131zla birlikte kar\u015f\u0131n\u0131zday\u0131z. Di\u011fer yan\u0131mda ise bu se\u00e7imlerde art\u0131k Ayd\u0131n\u2019da bir kad\u0131n belediye ba\u015fkan\u0131 var, Didim\u2019de niye olmas\u0131n, Didim\u2019e bir kad\u0131n belediye ba\u015fkan\u0131 elinin de\u011fmesiyle daha da g\u00fczelle\u015fmesin mi dedi\u011fimiz ve Didimlilerin de buna en olumlu kar\u015f\u0131l\u0131\u011f\u0131 verdi\u011fi Hatice Gen\u00e7ay var. B\u00f6yle bir birliktelikten b\u00fcy\u00fck mutluluk duyuyorum&#8221; dedi.<br \/>\n<br \/>\u00d6zel konu\u015fmas\u0131n\u0131n devam\u0131nda, &#8220;Yerel se\u00e7imlere dokuz belediyemizle girerken yerel se\u00e7imlerden 14 belediyemizle \u00e7\u0131kmam\u0131z\u0131n ve Ayd\u0131n co\u011frafyas\u0131n\u0131n hemen hemen tamam\u0131na dokunan belediyelerimizi kazanmam\u0131z\u0131n b\u00fcy\u00fck bir mutlulu\u011funu ya\u015f\u0131yorum. Bug\u00fcn Didim\u2019i emanet etti\u011fimiz kad\u0131n, \u00e7al\u0131\u015fkan ve gen\u00e7 belediye ba\u015fkan\u0131m\u0131z Hatice Gen\u00e7ay bir y\u0131l\u0131 biraz ge\u00e7en bir g\u00f6rev s\u00fcresinde yapt\u0131\u011f\u0131 b\u00fct\u00fcn hizmetleri Didim\u2019deki hem Cumhuriyet Halk Partisi Belediye Meclis Grubuyla, t\u00fcm siyasi partilerden belediye meclis \u00fcyeleriyle, Didim Belediyesinin de\u011ferli y\u00f6neticileriyle ve emek\u00e7ileriyle, el ele, kol kola \u00fc\u015fenmeden \u00e7al\u0131\u015farak yapan Hafize Gen\u00e7ay\u2019a huzurlar\u0131n\u0131zda te\u015fekk\u00fcr ediyorum.  Emeklerine sa\u011fl\u0131k. \u015eunu a\u00e7\u0131k\u00e7a s\u00f6ylemek istiyorum ki Cumhuriyet Halk Partisi belediyecili\u011fi i\u015fte b\u00f6yle yoksulu d\u00fc\u015f\u00fcnen, onun \u00e7ocu\u011funun a\u00e7l\u0131\u011f\u0131n\u0131 d\u00fc\u015f\u00fcnen, okuldaki suyunu d\u00fc\u015f\u00fcnen, \u00f6\u011fle yeme\u011fini bir \u00e7orba bile i\u00e7emeyece\u011finiz fiyata, d\u00f6rt kap s\u0131cak yeme\u011fi veren kent lokantalar\u0131yla d\u00fc\u015f\u00fcnen, hep oy ald\u0131\u011f\u0131 kesimin kendisinden bekledi\u011fi hizmetleri yapmak i\u00e7in projelendiren, rant\u0131n de\u011fil halk\u0131n belediyecili\u011finin ad\u0131 Cumhuriyet Halk Partisi belediyecili\u011fidir&#8221; diye konu\u015ftu.<br \/><\/p>\n","protected":false},"excerpt":{"rendered":"<p>CHP Genel Ba\u015fkan\u0131 \u00d6zg\u00fcr \u00d6zel, Ayd\u0131n\u2019da Didim Belediyesi\u2019nin Ay\u015fenur Ezgi Eygi Park\u0131 ve Toplu A\u00e7\u0131l\u0131\u015f T\u00f6reni\u2019ne kat\u0131ld\u0131. CHP Genel Ba\u015fkan\u0131 \u00d6zel, Didim\u2019de Ay\u015fenur Ezgi Eygi Park\u0131 ve Toplu A\u00e7\u0131l\u0131\u015f T\u00f6reni\u2019ne kat\u0131ld\u0131. \u00d6zel, &#8220;Bug\u00fcn burada sizlerle birlikte \u00e7ok anlaml\u0131 bir g\u00fcnde bir araday\u0131z. Tabii Didim\u2019e gelmi\u015fken Belediye Ba\u015fkan\u0131m\u0131z\u0131n uzun s\u00fcredir bekledi\u011fi a\u00e7\u0131l\u0131\u015f i\u00e7in bekletti\u011fi ba\u015fka eserleri&#8230;<\/p>\n","protected":false},"author":1,"featured_media":29353,"comment_status":"open","ping_status":"open","sticky":false,"template":"","format":"standard","meta":{"_crdt_document":"","footnotes":""},"categories":[127],"tags":[],"class_list":["post-29352","post","type-post","status-publish","format-standard","has-post-thumbnail","hentry","category-siyaset"],"_links":{"self":[{"href":"https:\/\/www.egemtv.com\/index.php?rest_route=\/wp\/v2\/posts\/29352","targetHints":{"allow":["GET"]}}],"collection":[{"href":"https:\/\/www.egemtv.com\/index.php?rest_route=\/wp\/v2\/posts"}],"about":[{"href":"https:\/\/www.egemtv.com\/index.php?rest_route=\/wp\/v2\/types\/post"}],"author":[{"embeddable":true,"href":"https:\/\/www.egemtv.com\/index.php?rest_route=\/wp\/v2\/users\/1"}],"replies":[{"embeddable":true,"href":"https:\/\/www.egemtv.com\/index.php?rest_route=%2Fwp%2Fv2%2Fcomments&post=29352"}],"version-history":[{"count":1,"href":"https:\/\/www.egemtv.com\/index.php?rest_route=\/wp\/v2\/posts\/29352\/revisions"}],"predecessor-version":[{"id":29354,"href":"https:\/\/www.egemtv.com\/index.php?rest_route=\/wp\/v2\/posts\/29352\/revisions\/29354"}],"wp:featuredmedia":[{"embeddable":true,"href":"https:\/\/www.egemtv.com\/index.php?rest_route=\/wp\/v2\/media\/29353"}],"wp:attachment":[{"href":"https:\/\/www.egemtv.com\/index.php?rest_route=%2Fwp%2Fv2%2Fmedia&parent=29352"}],"wp:term":[{"taxonomy":"category","embeddable":true,"href":"https:\/\/www.egemtv.com\/index.php?rest_route=%2Fwp%2Fv2%2Fcategories&post=29352"},{"taxonomy":"post_tag","embeddable":true,"href":"https:\/\/www.egemtv.com\/index.php?rest_route=%2Fwp%2Fv2%2Ftags&post=29352"}],"curies":[{"name":"wp","href":"https:\/\/api.w.org\/{rel}","templated":true}]}}