{"id":29349,"date":"2025-05-16T19:56:39","date_gmt":"2025-05-16T16:56:39","guid":{"rendered":"https:\/\/www.egemtv.com\/?p=29349"},"modified":"2025-05-16T19:56:44","modified_gmt":"2025-05-16T16:56:44","slug":"aliaganin-ozel-cocuklarindan-rengarenk-bahar-senligi","status":"publish","type":"post","link":"https:\/\/www.egemtv.com\/?p=29349","title":{"rendered":"Alia\u011fa\u2019n\u0131n \u00f6zel \u00e7ocuklar\u0131ndan rengarenk &#8220;Bahar \u015eenli\u011fi&#8221;"},"content":{"rendered":"<p>Alia\u011fa Belediyesi \u00d6zel Alia\u011fa \u00d6zel E\u011fitim ve Rehabilitasyon Merkezi, 10-16 May\u0131s Engelliler Haftas\u0131 program\u0131 kapsam\u0131nda \u2018Bahar \u015eenli\u011fi\u2019 d\u00fczenledi. Alia Park Atla Terapi ve Rehabilitasyon Merkezi\u2019nde organize edilen bahar \u015fenli\u011fi \u00f6zel \u00f6\u011frencilerin renkli g\u00f6sterilerine sahne oldu.<br \/>\n<br \/>Bahar \u015fenli\u011fine; Alia\u011fa Kaymakam\u0131 Zekeriya G\u00fcney, Alia\u011fa Belediye Ba\u015fkan\u0131 Serkan Acar, Alia\u011fa Cumhuriyet Ba\u015fsavc\u0131s\u0131 Serkan Ba\u015faran, Alia\u011fa \u0130l\u00e7e Emniyet M\u00fcd\u00fcr\u00fc Ahmet Can, Alia\u011fa \u0130l\u00e7e Milli E\u011fitim M\u00fcd\u00fcr\u00fc Dr. Erdo\u011fan Aky\u00fcz, Alia\u011fa Belediye Ba\u015fkan Yard\u0131mc\u0131s\u0131 Mesut \u00d6zt\u00fcrk, Alia\u011fa Belediyesi Personel \u015eirketi Y\u00f6netim Kurulu Ba\u015fkan\u0131 Mehmedali \u00d6zkurt, \u00f6\u011frenciler ve aileleri kat\u0131ld\u0131.<\/p>\n<p>\u00d6zel \u00f6\u011frencilerin g\u00f6sterilerine b\u00fcy\u00fck alk\u0131\u015f<br \/>\n<br \/>Bahar \u015eenli\u011finde g\u00fcn\u00fcn anlam ve \u00f6nemini belirten konu\u015fmay\u0131 Alia\u011fa Belediyesi \u00d6zel Alia\u011fa \u00d6zel E\u011fitim ve Rehabilitasyon Merkezi E\u011fitim Koordinat\u00f6r\u00fc G\u00fcne\u015f \u00c7ak\u0131r yapt\u0131. \u015eenlik, \u00f6\u011fretmen ve \u00f6\u011frenciler taraf\u0131ndan ger\u00e7ekle\u015ftirilen ge\u00e7it t\u00f6reniyle ba\u015flad\u0131. Ailelerin yo\u011fun ilgi g\u00f6sterdi\u011fi \u015fenlikte, \u00f6\u011fretmen ve \u00f6\u011frenciler taraf\u0131ndan haz\u0131rlanan dans g\u00f6sterileri, ukulele e\u015fli\u011finde sunulan m\u00fczik dinletileri ve \u00f6\u011frenci Furkan Ba\u015ftu\u011f\u2019un darbuka ve bateri performans\u0131 b\u00fcy\u00fck alk\u0131\u015f toplad\u0131. Etkinli\u011fin en dikkat \u00e7ekici anlar\u0131ndan biri de \u00f6\u011frenci Haktan Demird\u00f6\u011fen\u2019in babas\u0131yla birlikte ger\u00e7ekle\u015ftirdi\u011fi m\u00fczik dinletisi oldu. Baba-o\u011fulun m\u00fczikal uyumu, izleyicilere duygu dolu anlar ya\u015fatt\u0131. Bahar \u015eenli\u011fi\u2019nin kapan\u0131\u015f\u0131nda, hippoterapiden mezun olan \u00f6\u011frenci Ravza Merkit, equifun g\u00f6sterisi ile sahne ald\u0131. G\u00f6sterisi ile izleyenlere e\u011flenceli anlar ya\u015fatan Merkit, yetene\u011fiyle b\u00fcy\u00fck be\u011feni toplad\u0131.<\/p>\n<p>Alia\u011fa Belediye Ba\u015fkan\u0131 Serkan Acar: &#8220;Biz Hep Birlikteyiz&#8221;<br \/>\n<br \/>Alia\u011fa Belediye Ba\u015fkan\u0131 Serkan Acar, Bahar \u015eenli\u011fi\u2019nde eme\u011fi ge\u00e7enlere \u015fu s\u00f6zlerle te\u015fekk\u00fcr etti:<br \/>\n<br \/>&#8220;\u00d6zel E\u011fitim ve Rehabilitasyon Merkezi\u2019mizde ger\u00e7ekle\u015ftirdi\u011fimiz birinci bahar \u015fenli\u011fimizin mutlulu\u011funu hep birlikte ya\u015f\u0131yoruz. \u00c7ocuklar\u0131m\u0131z t\u00fcm yeteneklerini, h\u00fcnerlerini sergilediler ve bize burada keyifli dakikalar ya\u015fatt\u0131lar. Ben t\u00fcm \u00e7ocuklar\u0131m\u0131za tek tek \u00e7ok te\u015fekk\u00fcr ediyorum, hepsinin yanaklar\u0131ndan \u00f6p\u00fcyorum. \u00c7ocuklar\u0131m\u0131zla vakit ge\u00e7irerek onlara sadece \u00f6\u011fretmenlik de\u011fil abilik, ablal\u0131k yapan bug\u00fcn \u015fenli\u011fin haz\u0131rlanmas\u0131na emek veren, \u00e7ok de\u011ferli \u00f6\u011fretmenlerimize, idarecilerimize ve personelimize te\u015fekk\u00fcr ediyorum. Kendisini \u00e7ocuklar\u0131na adam\u0131\u015f olan siz de\u011ferli ailelerimiz \u015fenli\u011fimize onur verdiniz. \u00c7ocuklar\u0131m\u0131z\u0131n dedi\u011fi gibi \u2018Hayat birlikte g\u00fczel ve birlikte g\u00fc\u00e7l\u00fcy\u00fcz\u2019 \u00c7ok de\u011ferli ailelerimiz biz hep birlikteyiz. Nice Bahar \u015eenliklerinde bulu\u015fmak \u00fczere.&#8221;<br \/><\/p>\n","protected":false},"excerpt":{"rendered":"<p>Alia\u011fa Belediyesi \u00d6zel Alia\u011fa \u00d6zel E\u011fitim ve Rehabilitasyon Merkezi, 10-16 May\u0131s Engelliler Haftas\u0131 program\u0131 kapsam\u0131nda \u2018Bahar \u015eenli\u011fi\u2019 d\u00fczenledi. Alia Park Atla Terapi ve Rehabilitasyon Merkezi\u2019nde organize edilen bahar \u015fenli\u011fi \u00f6zel \u00f6\u011frencilerin renkli g\u00f6sterilerine sahne oldu. Bahar \u015fenli\u011fine; Alia\u011fa Kaymakam\u0131 Zekeriya G\u00fcney, Alia\u011fa Belediye Ba\u015fkan\u0131 Serkan Acar, Alia\u011fa Cumhuriyet Ba\u015fsavc\u0131s\u0131 Serkan Ba\u015faran, Alia\u011fa \u0130l\u00e7e Emniyet M\u00fcd\u00fcr\u00fc&#8230;<\/p>\n","protected":false},"author":1,"featured_media":29350,"comment_status":"open","ping_status":"open","sticky":false,"template":"","format":"standard","meta":{"_crdt_document":"","footnotes":""},"categories":[1],"tags":[],"class_list":["post-29349","post","type-post","status-publish","format-standard","has-post-thumbnail","hentry","category-guncel"],"_links":{"self":[{"href":"https:\/\/www.egemtv.com\/index.php?rest_route=\/wp\/v2\/posts\/29349","targetHints":{"allow":["GET"]}}],"collection":[{"href":"https:\/\/www.egemtv.com\/index.php?rest_route=\/wp\/v2\/posts"}],"about":[{"href":"https:\/\/www.egemtv.com\/index.php?rest_route=\/wp\/v2\/types\/post"}],"author":[{"embeddable":true,"href":"https:\/\/www.egemtv.com\/index.php?rest_route=\/wp\/v2\/users\/1"}],"replies":[{"embeddable":true,"href":"https:\/\/www.egemtv.com\/index.php?rest_route=%2Fwp%2Fv2%2Fcomments&post=29349"}],"version-history":[{"count":1,"href":"https:\/\/www.egemtv.com\/index.php?rest_route=\/wp\/v2\/posts\/29349\/revisions"}],"predecessor-version":[{"id":29351,"href":"https:\/\/www.egemtv.com\/index.php?rest_route=\/wp\/v2\/posts\/29349\/revisions\/29351"}],"wp:featuredmedia":[{"embeddable":true,"href":"https:\/\/www.egemtv.com\/index.php?rest_route=\/wp\/v2\/media\/29350"}],"wp:attachment":[{"href":"https:\/\/www.egemtv.com\/index.php?rest_route=%2Fwp%2Fv2%2Fmedia&parent=29349"}],"wp:term":[{"taxonomy":"category","embeddable":true,"href":"https:\/\/www.egemtv.com\/index.php?rest_route=%2Fwp%2Fv2%2Fcategories&post=29349"},{"taxonomy":"post_tag","embeddable":true,"href":"https:\/\/www.egemtv.com\/index.php?rest_route=%2Fwp%2Fv2%2Ftags&post=29349"}],"curies":[{"name":"wp","href":"https:\/\/api.w.org\/{rel}","templated":true}]}}