{"id":29346,"date":"2025-05-16T19:56:36","date_gmt":"2025-05-16T16:56:36","guid":{"rendered":"https:\/\/www.egemtv.com\/?p=29346"},"modified":"2025-05-16T19:56:39","modified_gmt":"2025-05-16T16:56:39","slug":"mhp-kutahya-milletvekili-erbas-karaagil-koyunu-ziyaret-etti","status":"publish","type":"post","link":"https:\/\/www.egemtv.com\/?p=29346","title":{"rendered":"MHP K\u00fctahya Milletvekili Erba\u015f, Karaa\u011f\u0131l k\u00f6y\u00fcn\u00fc ziyaret etti"},"content":{"rendered":"<p>Milliyet\u00e7i Hareket Partisi (MHP) K\u00fctahya Milletvekili Ahmet Erba\u015f, Hisarc\u0131k Belediye Ba\u015fkan\u0131 Mustafa Demirta\u015f ile birlikte Karaa\u011f\u0131l k\u00f6y\u00fcn\u00fc ziyaret etti. K\u00f6y halk\u0131n\u0131n yo\u011fun ilgi g\u00f6sterdi\u011fi ziyarette, vatanda\u015flarla bir araya gelen Erba\u015f, sorun ve talepleri dinledi.<br \/>\n<br \/>K\u00f6y meydan\u0131nda ger\u00e7ekle\u015fen bulu\u015fmada konu\u015fan Karaa\u011f\u0131l K\u00f6y\u00fc Muhtar\u0131 Harun Korkmaz, yakla\u015f\u0131k 35 y\u0131l aradan sonra bir milletvekilini k\u00f6ylerinde a\u011f\u0131rlad\u0131klar\u0131n\u0131 belirtti. Korkmaz, &#8220;B\u00fcy\u00fcklerimizden ald\u0131\u011f\u0131m\u0131z bilgilere g\u00f6re, en son sa\u011fl\u0131k oca\u011f\u0131 a\u00e7\u0131l\u0131\u015f\u0131 i\u00e7in 1990\u2019l\u0131 y\u0131llarda Mustafa Kalemli k\u00f6y\u00fcm\u00fcz\u00fc ziyaret etmi\u015f. Bug\u00fcn ise say\u0131n vekilimiz Ahmet Erba\u015f bizleri ziyaret ederek taleplerimizi dinledi. Su sorunumuz ba\u015fta olmak \u00fczere k\u00f6y\u00fcm\u00fcz\u00fcn ihtiya\u00e7lar\u0131n\u0131 ilettik. G\u00f6stermi\u015f oldu\u011fu ilgi ve destek s\u00f6z\u00fc i\u00e7in t\u00fcm k\u00f6y halk\u0131m\u0131z ad\u0131na kendisine te\u015fekk\u00fcr ediyorum&#8221; dedi.<br \/>\n<br \/>Milletvekili Ahmet Erba\u015f ise 2018 y\u0131l\u0131ndan bu yana 300\u2019\u00fcn \u00fczerinde k\u00f6y\u00fc ziyaret etti\u011fini belirterek, vatanda\u015flarla do\u011frudan temas kurman\u0131n kendileri i\u00e7in \u00e7ok \u00f6nemli oldu\u011funu vurgulad\u0131.<br \/>\n<br \/>Ziyaretin sonunda k\u00f6y sakinleri, Ahmet Erba\u015f ve Belediye Ba\u015fkan\u0131 Mustafa Demirta\u015f ile birlikte hat\u0131ra foto\u011fraf\u0131 \u00e7ektirdi.<br \/><\/p>\n","protected":false},"excerpt":{"rendered":"<p>Milliyet\u00e7i Hareket Partisi (MHP) K\u00fctahya Milletvekili Ahmet Erba\u015f, Hisarc\u0131k Belediye Ba\u015fkan\u0131 Mustafa Demirta\u015f ile birlikte Karaa\u011f\u0131l k\u00f6y\u00fcn\u00fc ziyaret etti. K\u00f6y halk\u0131n\u0131n yo\u011fun ilgi g\u00f6sterdi\u011fi ziyarette, vatanda\u015flarla bir araya gelen Erba\u015f, sorun ve talepleri dinledi. K\u00f6y meydan\u0131nda ger\u00e7ekle\u015fen bulu\u015fmada konu\u015fan Karaa\u011f\u0131l K\u00f6y\u00fc Muhtar\u0131 Harun Korkmaz, yakla\u015f\u0131k 35 y\u0131l aradan sonra bir milletvekilini k\u00f6ylerinde a\u011f\u0131rlad\u0131klar\u0131n\u0131 belirtti. Korkmaz,&#8230;<\/p>\n","protected":false},"author":1,"featured_media":29347,"comment_status":"open","ping_status":"open","sticky":false,"template":"","format":"standard","meta":{"_crdt_document":"","footnotes":""},"categories":[127],"tags":[],"class_list":["post-29346","post","type-post","status-publish","format-standard","has-post-thumbnail","hentry","category-siyaset"],"_links":{"self":[{"href":"https:\/\/www.egemtv.com\/index.php?rest_route=\/wp\/v2\/posts\/29346","targetHints":{"allow":["GET"]}}],"collection":[{"href":"https:\/\/www.egemtv.com\/index.php?rest_route=\/wp\/v2\/posts"}],"about":[{"href":"https:\/\/www.egemtv.com\/index.php?rest_route=\/wp\/v2\/types\/post"}],"author":[{"embeddable":true,"href":"https:\/\/www.egemtv.com\/index.php?rest_route=\/wp\/v2\/users\/1"}],"replies":[{"embeddable":true,"href":"https:\/\/www.egemtv.com\/index.php?rest_route=%2Fwp%2Fv2%2Fcomments&post=29346"}],"version-history":[{"count":1,"href":"https:\/\/www.egemtv.com\/index.php?rest_route=\/wp\/v2\/posts\/29346\/revisions"}],"predecessor-version":[{"id":29348,"href":"https:\/\/www.egemtv.com\/index.php?rest_route=\/wp\/v2\/posts\/29346\/revisions\/29348"}],"wp:featuredmedia":[{"embeddable":true,"href":"https:\/\/www.egemtv.com\/index.php?rest_route=\/wp\/v2\/media\/29347"}],"wp:attachment":[{"href":"https:\/\/www.egemtv.com\/index.php?rest_route=%2Fwp%2Fv2%2Fmedia&parent=29346"}],"wp:term":[{"taxonomy":"category","embeddable":true,"href":"https:\/\/www.egemtv.com\/index.php?rest_route=%2Fwp%2Fv2%2Fcategories&post=29346"},{"taxonomy":"post_tag","embeddable":true,"href":"https:\/\/www.egemtv.com\/index.php?rest_route=%2Fwp%2Fv2%2Ftags&post=29346"}],"curies":[{"name":"wp","href":"https:\/\/api.w.org\/{rel}","templated":true}]}}