{"id":29343,"date":"2025-05-16T19:15:39","date_gmt":"2025-05-16T16:15:39","guid":{"rendered":"https:\/\/www.egemtv.com\/?p=29343"},"modified":"2025-05-16T19:15:41","modified_gmt":"2025-05-16T16:15:41","slug":"tavsanlida-koy-ve-mahalle-muhtarlari-olagan-genel-kurulunda-irfan-guner-yeniden-baskan-secildi","status":"publish","type":"post","link":"https:\/\/www.egemtv.com\/?p=29343","title":{"rendered":"Tav\u015fanl\u0131\u2019da K\u00f6y ve Mahalle Muhtarlar\u0131 Ola\u011fan Genel Kurulu\u2019nda \u0130rfan G\u00fcner yeniden ba\u015fkan se\u00e7ildi"},"content":{"rendered":"<p>K\u00fctahya\u2019n\u0131n Tav\u015fanl\u0131 il\u00e7esinde ger\u00e7ekle\u015ftirilen K\u00f6y ve Mahalle Muhtarlar\u0131 Ola\u011fan Genel Kurulu\u2019nda mevcut ba\u015fkan \u0130rfan G\u00fcner, yeniden ba\u015fkanl\u0131\u011fa se\u00e7ildi. G\u00fcner, tek aday olarak girdi\u011fi se\u00e7imde oy birli\u011fiyle g\u00fcven tazeledi.<br \/>\n<br \/>Ya\u011fmur D\u00fc\u011f\u00fcn Salonlar\u0131\u2019nda d\u00fczenlenen genel kurula \u00e7ok say\u0131da yerel y\u00f6netici ve siyasi temsilci kat\u0131ld\u0131. Toplant\u0131da, \u00e7e\u015fitli siyasi partilerin temsilcilerinin yan\u0131 s\u0131ra ge\u00e7mi\u015f d\u00f6nem Tav\u015fanl\u0131 Belediye Ba\u015fkan\u0131 Mustafa G\u00fcler ve b\u00f6lge muhtarlar\u0131 da haz\u0131r bulundu.<br \/>\n<br \/>Genel kurulda, divan kurulunun olu\u015fturulmas\u0131n\u0131n ard\u0131ndan g\u00fcndem maddelerine ge\u00e7ildi. \u0130lk b\u00f6l\u00fcmde muhtar birli\u011finin gelir-gider tablolar\u0131 okunarak oy birli\u011fiyle kabul edildi.<br \/>\n<br \/>Se\u00e7imlerde kullan\u0131lan t\u00fcm oylar\u0131 alarak yeniden ba\u015fkan se\u00e7ilen \u0130rfan G\u00fcner, &#8220;Bana g\u00f6sterdi\u011finiz bu g\u00fcven i\u00e7in t\u00fcm muhtar arkada\u015flar\u0131ma te\u015fekk\u00fcr ediyorum. \u00d6n\u00fcm\u00fczdeki d\u00f6nemde mahalle ve beldelerimizin sorunlar\u0131n\u0131 \u00e7\u00f6zmek i\u00e7in daha fazla \u00e7aba g\u00f6sterece\u011fim&#8221; ifadelerini kulland\u0131.<br \/>\n<br \/>G\u00fcner, yeni d\u00f6nemde yerel y\u00f6netimlerle i\u015f birli\u011fi i\u00e7inde \u00e7al\u0131\u015facaklar\u0131n\u0131 da s\u00f6zlerine ekledi.<br \/><\/p>\n","protected":false},"excerpt":{"rendered":"<p>K\u00fctahya\u2019n\u0131n Tav\u015fanl\u0131 il\u00e7esinde ger\u00e7ekle\u015ftirilen K\u00f6y ve Mahalle Muhtarlar\u0131 Ola\u011fan Genel Kurulu\u2019nda mevcut ba\u015fkan \u0130rfan G\u00fcner, yeniden ba\u015fkanl\u0131\u011fa se\u00e7ildi. G\u00fcner, tek aday olarak girdi\u011fi se\u00e7imde oy birli\u011fiyle g\u00fcven tazeledi. Ya\u011fmur D\u00fc\u011f\u00fcn Salonlar\u0131\u2019nda d\u00fczenlenen genel kurula \u00e7ok say\u0131da yerel y\u00f6netici ve siyasi temsilci kat\u0131ld\u0131. Toplant\u0131da, \u00e7e\u015fitli siyasi partilerin temsilcilerinin yan\u0131 s\u0131ra ge\u00e7mi\u015f d\u00f6nem Tav\u015fanl\u0131 Belediye Ba\u015fkan\u0131 Mustafa&#8230;<\/p>\n","protected":false},"author":1,"featured_media":29344,"comment_status":"open","ping_status":"open","sticky":false,"template":"","format":"standard","meta":{"_crdt_document":"","footnotes":""},"categories":[123],"tags":[],"class_list":["post-29343","post","type-post","status-publish","format-standard","has-post-thumbnail","hentry","category-gundem"],"_links":{"self":[{"href":"https:\/\/www.egemtv.com\/index.php?rest_route=\/wp\/v2\/posts\/29343","targetHints":{"allow":["GET"]}}],"collection":[{"href":"https:\/\/www.egemtv.com\/index.php?rest_route=\/wp\/v2\/posts"}],"about":[{"href":"https:\/\/www.egemtv.com\/index.php?rest_route=\/wp\/v2\/types\/post"}],"author":[{"embeddable":true,"href":"https:\/\/www.egemtv.com\/index.php?rest_route=\/wp\/v2\/users\/1"}],"replies":[{"embeddable":true,"href":"https:\/\/www.egemtv.com\/index.php?rest_route=%2Fwp%2Fv2%2Fcomments&post=29343"}],"version-history":[{"count":1,"href":"https:\/\/www.egemtv.com\/index.php?rest_route=\/wp\/v2\/posts\/29343\/revisions"}],"predecessor-version":[{"id":29345,"href":"https:\/\/www.egemtv.com\/index.php?rest_route=\/wp\/v2\/posts\/29343\/revisions\/29345"}],"wp:featuredmedia":[{"embeddable":true,"href":"https:\/\/www.egemtv.com\/index.php?rest_route=\/wp\/v2\/media\/29344"}],"wp:attachment":[{"href":"https:\/\/www.egemtv.com\/index.php?rest_route=%2Fwp%2Fv2%2Fmedia&parent=29343"}],"wp:term":[{"taxonomy":"category","embeddable":true,"href":"https:\/\/www.egemtv.com\/index.php?rest_route=%2Fwp%2Fv2%2Fcategories&post=29343"},{"taxonomy":"post_tag","embeddable":true,"href":"https:\/\/www.egemtv.com\/index.php?rest_route=%2Fwp%2Fv2%2Ftags&post=29343"}],"curies":[{"name":"wp","href":"https:\/\/api.w.org\/{rel}","templated":true}]}}