{"id":29340,"date":"2025-05-16T18:38:50","date_gmt":"2025-05-16T15:38:50","guid":{"rendered":"https:\/\/www.egemtv.com\/?p=29340"},"modified":"2025-05-16T18:38:54","modified_gmt":"2025-05-16T15:38:54","slug":"aydindaki-yangin-kontrol-altina-alindi","status":"publish","type":"post","link":"https:\/\/www.egemtv.com\/?p=29340","title":{"rendered":"Ayd\u0131n\u2019daki yang\u0131n kontrol alt\u0131na al\u0131nd\u0131"},"content":{"rendered":"<p>Ayd\u0131n\u2019\u0131n Efeler il\u00e7esine ba\u011fl\u0131 \u0130mamk\u00f6y Mahallesinde zirai ve makilik alanda \u00e7\u0131kan yang\u0131n kontrol alt\u0131na al\u0131nd\u0131. Yang\u0131nda yakla\u015f\u0131k 20 d\u00f6n\u00fcm alan zarar g\u00f6rd\u00fc.<br \/>\n<br \/>\u0130mamk\u00f6y Mahallesinin \u00fcst kesiminde bulunan makilik ve zeytinlik alanda hen\u00fcz bilinmeyen bir nedenle yang\u0131n \u00e7\u0131kt\u0131. R\u00fczgar\u0131n etkisi ile alevler geni\u015f alana yay\u0131ld\u0131. Dumanlar\u0131 ve alevleri g\u00f6ren vatanda\u015flar\u0131n ihbar\u0131 \u00fczerine olay yerine Ayd\u0131n Orman \u0130\u015fletme M\u00fcd\u00fcrl\u00fc\u011f\u00fc ve Ayd\u0131n B\u00fcy\u00fck\u015fehir Belediyesi itfaiye ekipleri b\u00f6lgeye sevk edildi. Arazinin sarp olmas\u0131 nedeniyle b\u00f6lgeye iki adet yang\u0131n s\u00f6nd\u00fcrme ekibi de g\u00f6nderilerek havadan \u00e7al\u0131\u015fmalara destek verdi. Karadan 5 araz\u00f6z, 1 su tankeri ve 2 itfaiye arac\u0131 ile yang\u0131na m\u00fcdahale eden ekiplere, havadan da iki helikopter destek verip yang\u0131n geni\u015f alana yay\u0131lmadan kontrol alt\u0131na al\u0131nd\u0131.<br \/>\n<br \/>Yang\u0131nda yakla\u015f\u0131k 20 \u00f6n\u00fcm makilik ve zeytinlik alan zarar g\u00f6rd\u00fc. Ekiplerin so\u011futma \u00e7al\u0131\u015fmas\u0131 devam ediyor.<br \/><\/p>\n","protected":false},"excerpt":{"rendered":"<p>Ayd\u0131n\u2019\u0131n Efeler il\u00e7esine ba\u011fl\u0131 \u0130mamk\u00f6y Mahallesinde zirai ve makilik alanda \u00e7\u0131kan yang\u0131n kontrol alt\u0131na al\u0131nd\u0131. Yang\u0131nda yakla\u015f\u0131k 20 d\u00f6n\u00fcm alan zarar g\u00f6rd\u00fc. \u0130mamk\u00f6y Mahallesinin \u00fcst kesiminde bulunan makilik ve zeytinlik alanda hen\u00fcz bilinmeyen bir nedenle yang\u0131n \u00e7\u0131kt\u0131. R\u00fczgar\u0131n etkisi ile alevler geni\u015f alana yay\u0131ld\u0131. Dumanlar\u0131 ve alevleri g\u00f6ren vatanda\u015flar\u0131n ihbar\u0131 \u00fczerine olay yerine Ayd\u0131n Orman&#8230;<\/p>\n","protected":false},"author":1,"featured_media":29341,"comment_status":"open","ping_status":"open","sticky":false,"template":"","format":"standard","meta":{"_crdt_document":"","footnotes":""},"categories":[5],"tags":[],"class_list":["post-29340","post","type-post","status-publish","format-standard","has-post-thumbnail","hentry","category-asayis"],"_links":{"self":[{"href":"https:\/\/www.egemtv.com\/index.php?rest_route=\/wp\/v2\/posts\/29340","targetHints":{"allow":["GET"]}}],"collection":[{"href":"https:\/\/www.egemtv.com\/index.php?rest_route=\/wp\/v2\/posts"}],"about":[{"href":"https:\/\/www.egemtv.com\/index.php?rest_route=\/wp\/v2\/types\/post"}],"author":[{"embeddable":true,"href":"https:\/\/www.egemtv.com\/index.php?rest_route=\/wp\/v2\/users\/1"}],"replies":[{"embeddable":true,"href":"https:\/\/www.egemtv.com\/index.php?rest_route=%2Fwp%2Fv2%2Fcomments&post=29340"}],"version-history":[{"count":1,"href":"https:\/\/www.egemtv.com\/index.php?rest_route=\/wp\/v2\/posts\/29340\/revisions"}],"predecessor-version":[{"id":29342,"href":"https:\/\/www.egemtv.com\/index.php?rest_route=\/wp\/v2\/posts\/29340\/revisions\/29342"}],"wp:featuredmedia":[{"embeddable":true,"href":"https:\/\/www.egemtv.com\/index.php?rest_route=\/wp\/v2\/media\/29341"}],"wp:attachment":[{"href":"https:\/\/www.egemtv.com\/index.php?rest_route=%2Fwp%2Fv2%2Fmedia&parent=29340"}],"wp:term":[{"taxonomy":"category","embeddable":true,"href":"https:\/\/www.egemtv.com\/index.php?rest_route=%2Fwp%2Fv2%2Fcategories&post=29340"},{"taxonomy":"post_tag","embeddable":true,"href":"https:\/\/www.egemtv.com\/index.php?rest_route=%2Fwp%2Fv2%2Ftags&post=29340"}],"curies":[{"name":"wp","href":"https:\/\/api.w.org\/{rel}","templated":true}]}}